{"id":11872,"date":"2021-12-07T16:52:38","date_gmt":"2021-12-07T14:52:38","guid":{"rendered":"https:\/\/www.thegreenbow.com\/?p=11872"},"modified":"2022-03-22T10:25:06","modified_gmt":"2022-03-22T08:25:06","slug":"comment-le-comcybergend-combat-aux-cotes-des-entreprises","status":"publish","type":"post","link":"https:\/\/www.thegreenbow.com\/fr\/societe\/actualites\/comment-le-comcybergend-combat-aux-cotes-des-entreprises\/","title":{"rendered":"TheGreenShow #4"},"content":{"rendered":"<section class=\"block-grid-wrapper block-grid-for-core-paragraph\">\n      <div class=\"default-editor-content grid-for-core-paragraph grid-container\">\n        <div class=\"grid-x grid-padding-x align-center\">\n          <div class=\"cell\">\n            \n<p class=\"has-text-align-center\">C&rsquo;est le sujet de <strong>TheGreenShow #4<\/strong><\/p>\n          <\/div>\n        <\/div>\n      <\/div>\n\n      <\/section>\n\n\n<section  class=\"wp-block-acf-news-page-banner is-style-variation-single-news-banner post\" >\n  \n    <div class=\"section-content section-banner has-white-color img-align-bottom img-align-center\"  data-interchange=\"[https:\/\/www.thegreenbow.com\/wp-content\/uploads\/2021\/05\/thegreenbow-header-actualite-min-768x400.jpg, small], [https:\/\/www.thegreenbow.com\/wp-content\/uploads\/2021\/05\/thegreenbow-header-actualite-min-1024x1024.jpg, medium], [https:\/\/www.thegreenbow.com\/wp-content\/uploads\/2021\/05\/thegreenbow-header-actualite-min-1366x218.jpg, large], [https:\/\/www.thegreenbow.com\/wp-content\/uploads\/2021\/05\/thegreenbow-header-actualite-min.jpg, xlarge], [https:\/\/www.thegreenbow.com\/wp-content\/uploads\/2021\/05\/thegreenbow-header-actualite-min-1366x712.jpg, retina], [https:\/\/www.thegreenbow.com\/wp-content\/uploads\/2021\/05\/thegreenbow-header-actualite-min-1366x1366.jpg, medium_retina], [https:\/\/www.thegreenbow.com\/wp-content\/uploads\/2021\/05\/thegreenbow-header-actualite-min.jpg, large_retina]\" data-interchange-sizes=\"{&quot;small&quot;:{&quot;w&quot;:768,&quot;h&quot;:400},&quot;medium&quot;:{&quot;w&quot;:1024,&quot;h&quot;:1024},&quot;large&quot;:{&quot;w&quot;:1366,&quot;h&quot;:218},&quot;xlarge&quot;:{&quot;w&quot;:1920,&quot;h&quot;:307},&quot;retina&quot;:{&quot;w&quot;:1366,&quot;h&quot;:712},&quot;medium_retina&quot;:{&quot;w&quot;:1366,&quot;h&quot;:1366},&quot;large_retina&quot;:{&quot;w&quot;:1920,&quot;h&quot;:307},&quot;xlarge_retina&quot;:{&quot;w&quot;:1920,&quot;h&quot;:307}}\" >\n\n              <h1 class=\"page-title\">TheGreenShow #4<\/h1>\n      \n    <\/div>\n\n  \n  \n  \n<\/section>\n\n\n<section class=\"block-grid-wrapper block-grid-for-core-paragraph\">\n      <div class=\"default-editor-content grid-for-core-paragraph grid-container\">\n        <div class=\"grid-x grid-padding-x align-center\">\n          <div class=\"cell\">\n            \n<p><\/p>\n          <\/div>\n        <\/div>\n      <\/div>\n\n      <\/section>\n\n<section class=\"block-grid-wrapper block-grid-for-core-heading\">\n      <div class=\"default-editor-content grid-for-core-heading grid-container\">\n        <div class=\"grid-x grid-padding-x align-center\">\n          <div class=\"cell\">\n            \n<h3 class=\"wp-block-heading\"><em>\u00ab<\/em> Cybercriminalit\u00e9 : Comment le ComCyberGend combat aux c\u00f4t\u00e9s des entreprises ? <em>\u00bb<\/em><\/h3>\n          <\/div>\n        <\/div>\n      <\/div>\n\n      <\/section>\n\n<section class=\"block-grid-wrapper block-grid-for-core-paragraph\">\n      <div class=\"default-editor-content grid-for-core-paragraph grid-container\">\n        <div class=\"grid-x grid-padding-x align-center\">\n          <div class=\"cell\">\n            \n<p>L&rsquo;\u00e9mission qui d\u00e9crypte l&rsquo;actualit\u00e9 de l&rsquo;\u00e9cosyst\u00e8me cyber et num\u00e9rique, accueille pour sa quatri\u00e8me \u00e9dition, <strong>le G\u00e9n\u00e9ral Marc Boget<\/strong>, commandant de la gendarmerie dans le cyberespace (Minist\u00e8re de l&rsquo;Int\u00e9rieur).<\/p>\n          <\/div>\n        <\/div>\n      <\/div>\n\n      <\/section>\n\n<section class=\"block-grid-wrapper block-grid-for-core-paragraph\">\n      <div class=\"default-editor-content grid-for-core-paragraph grid-container\">\n        <div class=\"grid-x grid-padding-x align-center\">\n          <div class=\"cell\">\n            \n<p>Face \u00e0 une cyber-d\u00e9linquance \u00e0 croissance exponentielle \u00ab\u00a0<em>qui repr\u00e9sentait six \u00e0 sept mille milliards de dollars sur l&rsquo;ensemble des attaques au plan internationnal en 2020<\/em>\u00ab\u00a0, compte le G\u00e9n\u00e9ral, la Gendarmerie nationale se structure et recrute sept mille cyber-enqu\u00eateurs. <\/p>\n          <\/div>\n        <\/div>\n      <\/div>\n\n      <\/section>\n\n<section class=\"block-grid-wrapper block-grid-for-core-paragraph\">\n      <div class=\"default-editor-content grid-for-core-paragraph grid-container\">\n        <div class=\"grid-x grid-padding-x align-center\">\n          <div class=\"cell\">\n            \n<p>Au niveau des entreprises,le G\u00e9n\u00e9ral souligne les faiblesses des<em> \u00ab&nbsp;PME, qui sont \u00e0 un niveau de protection relativement faible <\/em> \u00bb, mais aussi des artisans et des maires de petites communes, dont la cyber n\u2019est pas une priorit\u00e9.<\/p>\n          <\/div>\n        <\/div>\n      <\/div>\n\n      <\/section>\n\n<section class=\"block-grid-wrapper block-grid-for-core-image\">\n      <div class=\"default-editor-content grid-for-core-image grid-container\">\n        <div class=\"grid-x grid-padding-x align-center\">\n          <div class=\"cell\">\n            \n<div class=\"wp-block-image\"><figure class=\"aligncenter size-large is-resized\"><img loading=\"lazy\" decoding=\"async\" src=\"https:\/\/www.thegreenbow.com\/wp-content\/uploads\/2021\/12\/Vignette-1.jpg\" alt=\"\" class=\"wp-image-11876\" width=\"433\" height=\"244\" srcset=\"https:\/\/www.thegreenbow.com\/wp-content\/uploads\/2021\/12\/Vignette-1.jpg 320w, https:\/\/www.thegreenbow.com\/wp-content\/uploads\/2021\/12\/Vignette-1-300x169.jpg 300w, https:\/\/www.thegreenbow.com\/wp-content\/uploads\/2021\/12\/Vignette-1-100x56.jpg 100w\" sizes=\"auto, (max-width: 433px) 100vw, 433px\" \/><figcaption>Mathieu Isaia &amp; Marc boget<\/figcaption><\/figure><\/div>\n          <\/div>\n        <\/div>\n      <\/div>\n\n      <\/section>\n\n<section class=\"block-grid-wrapper block-grid-for-core-paragraph\">\n      <div class=\"default-editor-content grid-for-core-paragraph grid-container\">\n        <div class=\"grid-x grid-padding-x align-center\">\n          <div class=\"cell\">\n            \n<p>Marc Boget d\u00e9crit les premiers gestes \u00e0 avoir en cas de cyber-attaque pour ne pas effacer les indices et polluer l&rsquo;espace num\u00e9rique car <em>\u00ab&nbsp;avec l&rsquo;explosion du nombre d&rsquo;IoT, avec l&rsquo;arriv\u00e9e de la 5G, \u2026., de plus en plus, voire syst\u00e9matiquement d\u00e9sormais, nous avons des sc\u00e8nes de crimes avec des objets connect\u00e9s.&nbsp;\u00bb<\/em><\/p>\n          <\/div>\n        <\/div>\n      <\/div>\n\n      <\/section>\n\n<section class=\"block-grid-wrapper block-grid-for-core-paragraph\">\n      <div class=\"default-editor-content grid-for-core-paragraph grid-container\">\n        <div class=\"grid-x grid-padding-x align-center\">\n          <div class=\"cell\">\n            \n<p>Dans son r\u00f4le de pr\u00e9vention, d\u2019investigation et r\u00e9pression, le ComCyberGend mise sur la coop\u00e9ration d\u2019un \u00e9cosyst\u00e8me dense avec, entre autres, le GIGN, la Police Nationale, l\u2019ANSSI, l\u2019autorit\u00e9 judiciaire et \u00e0 l\u2019internationale, Europol. &nbsp;<\/p>\n          <\/div>\n        <\/div>\n      <\/div>\n\n      <\/section>\n\n<section class=\"block-grid-wrapper block-grid-for-core-paragraph\">\n      <div class=\"default-editor-content grid-for-core-paragraph grid-container\">\n        <div class=\"grid-x grid-padding-x align-center\">\n          <div class=\"cell\">\n            \n<p>Marc Boget conclut sur l\u2019importance de la pr\u00e9vention et la prise de consciencede tous les acteurs et pr\u00e9vient<em> \u00ab&nbsp;que la prochaine crise sera une crise cyber. \u2026.La cyber-d\u00e9linquance est une r\u00e9alit\u00e9 \u00e0 laquelle il faut qu&rsquo;on s&rsquo;attaque.&nbsp;\u00bb<\/em> <\/p>\n          <\/div>\n        <\/div>\n      <\/div>\n\n      <\/section>\n\n<section class=\"block-grid-wrapper block-grid-for-core-paragraph\">\n      <div class=\"default-editor-content grid-for-core-paragraph grid-container\">\n        <div class=\"grid-x grid-padding-x align-center\">\n          <div class=\"cell\">\n            \n<p>Pour regarder cette quatri\u00e8me \u00e9mission TheGreenShow&nbsp;: <a href=\"https:\/\/www.youtube.com\/watch?v=zK0izT_Iq4w\" target=\"_blank\" rel=\"noreferrer noopener\">cliquez ici<\/a>.<\/p>\n          <\/div>\n        <\/div>\n      <\/div>\n\n      <\/section>\n\n<section class=\"block-grid-wrapper block-grid-for-core-paragraph\">\n      <div class=\"default-editor-content grid-for-core-paragraph grid-container\">\n        <div class=\"grid-x grid-padding-x align-center\">\n          <div class=\"cell\">\n            \n<p><\/p>\n          <\/div>\n        <\/div>\n      <\/div>\n\n      <\/section>\n\n<section class=\"block-grid-wrapper block-grid-for-core-heading\">\n      <div class=\"default-editor-content grid-for-core-heading grid-container\">\n        <div class=\"grid-x grid-padding-x align-center\">\n          <div class=\"cell\">\n            \n<h2 class=\"wp-block-heading\">A propos de TheGreenBow<\/h2>\n          <\/div>\n        <\/div>\n      <\/div>\n\n      <\/section>\n\n<section class=\"block-grid-wrapper block-grid-for-core-paragraph\">\n      <div class=\"default-editor-content grid-for-core-paragraph grid-container\">\n        <div class=\"grid-x grid-padding-x align-center\">\n          <div class=\"cell\">\n            \n<p>Cr\u00e9\u00e9 en 1998, TheGreenBow est un \u00e9diteur fran\u00e7ais de logiciels de Cybers\u00e9curit\u00e9 qui fournit des solutions VPN de confiance et dont l\u2019expertise repose sur la s\u00e9curisation des communications. Premier op\u00e9rateur \u00e0 avoir \u00e9t\u00e9 certifi\u00e9 CC EAL3+, qualifi\u00e9 standard et agr\u00e9\u00e9 DR OTAN et UE en 2013 pour son logiciel Client VPN Windows, TheGreenBow, l\u2019acteur de r\u00e9f\u00e9rence des Clients VPN, distribue ses logiciels dans plus de 70 pays. Depuis fin 2019, TheGreenBow d\u00e9tient le label \u00ab Utilis\u00e9 par les arm\u00e9es fran\u00e7aises \u00bb pour le produit Client VPN Windows Certifi\u00e9.<\/p>\n          <\/div>\n        <\/div>\n      <\/div>\n\n      <\/section>\n\n<section class=\"block-grid-wrapper block-grid-for-core-paragraph\">\n      <div class=\"default-editor-content grid-for-core-paragraph grid-container\">\n        <div class=\"grid-x grid-padding-x align-center\">\n          <div class=\"cell\">\n            \n<p><\/p>\n          <\/div>\n        <\/div>\n      <\/div>\n\n      <\/section>\n\n<section class=\"block-grid-wrapper block-grid-for-core-heading\">\n      <div class=\"default-editor-content grid-for-core-heading grid-container\">\n        <div class=\"grid-x grid-padding-x align-center\">\n          <div class=\"cell\">\n            \n<h2 class=\"wp-block-heading\">Contact presse<\/h2>\n          <\/div>\n        <\/div>\n      <\/div>\n\n      <\/section>\n\n<section class=\"block-grid-wrapper block-grid-for-core-paragraph\">\n      <div class=\"default-editor-content grid-for-core-paragraph grid-container\">\n        <div class=\"grid-x grid-padding-x align-center\">\n          <div class=\"cell\">\n            \n<p>Anette Burgdorf | tel&nbsp;: 06 10 75 72 08 | email&nbsp;:&nbsp;<a href=\"mailto:anette@a2bd.fr\">a.burgdorf@noumena.fr<\/a><\/p>\n          <\/div>\n        <\/div>\n      <\/div>\n\n      <\/section>\n\n<section class=\"block-grid-wrapper block-grid-for-core-file\">\n      <div class=\"default-editor-content grid-for-core-file grid-container\">\n        <div class=\"grid-x grid-padding-x align-center\">\n          <div class=\"cell\">\n            \n<div class=\"wp-block-file aligncenter\"><a href=\"https:\/\/www.thegreenbow.com\/wp-content\/uploads\/2021\/12\/PR-20211207_TheGreenShow-4.pdf\">PR-20211207_TheGreenShow-4<\/a><a href=\"https:\/\/www.thegreenbow.com\/wp-content\/uploads\/2021\/12\/PR-20211207_TheGreenShow-4.pdf\" class=\"wp-block-file__button\" download>T\u00e9l\u00e9charger le communiqu\u00e9 de presse<\/a><\/div>\n          <\/div>\n        <\/div>\n      <\/div>\n\n      <\/section>","protected":false},"excerpt":{"rendered":"<p>C&rsquo;est le sujet de TheGreenShow #4 \u00ab Cybercriminalit\u00e9 : Comment le ComCyberGend combat aux c\u00f4t\u00e9s des entreprises ? \u00bb L&rsquo;\u00e9mission qui d\u00e9crypte l&rsquo;actualit\u00e9 de l&rsquo;\u00e9cosyst\u00e8me cyber et num\u00e9rique, accueille pour sa quatri\u00e8me \u00e9dition, le G\u00e9n\u00e9ral Marc Boget, commandant de la gendarmerie dans le cyberespace (Minist\u00e8re de l&rsquo;Int\u00e9rieur). Face \u00e0 une cyber-d\u00e9linquance \u00e0 croissance exponentielle \u00ab\u00a0qui [&hellip;]<\/p>\n","protected":false},"author":4,"featured_media":11873,"comment_status":"closed","ping_status":"0","sticky":false,"template":"","format":"standard","meta":{"_acf_changed":false,"resource_type":"internal","footnotes":""},"categories":[39],"tags":[],"class_list":["post-11872","post","type-post","status-publish","format-standard","has-post-thumbnail","hentry","category-communique-de-presse"],"acf":[],"yoast_head":"<!-- This site is optimized with the Yoast SEO plugin v27.4 - https:\/\/yoast.com\/product\/yoast-seo-wordpress\/ -->\n<title>TheGreenShow - Emission 4<\/title>\n<meta name=\"description\" content=\"La quatri\u00e8me \u00e9mission de la Web TV de TheGreenBow d\u00e9crypte le ComCyberGend qui combat aux c\u00f4t\u00e9s des entreprises avec Marc Boget, G\u00e9n\u00e9ral de division, commandant de la gendarmerie dans le cyberespace.\" \/>\n<meta name=\"robots\" content=\"index, follow, max-snippet:-1, max-image-preview:large, max-video-preview:-1\" \/>\n<link rel=\"canonical\" href=\"https:\/\/www.thegreenbow.com\/fr\/societe\/actualites\/comment-le-comcybergend-combat-aux-cotes-des-entreprises\/\" \/>\n<meta property=\"og:locale\" content=\"fr_FR\" \/>\n<meta property=\"og:type\" content=\"article\" \/>\n<meta property=\"og:title\" content=\"TheGreenShow - Emission 4\" \/>\n<meta property=\"og:description\" content=\"La quatri\u00e8me \u00e9mission de la Web TV de TheGreenBow d\u00e9crypte le ComCyberGend qui combat aux c\u00f4t\u00e9s des entreprises avec Marc Boget, G\u00e9n\u00e9ral de division, commandant de la gendarmerie dans le cyberespace.\" \/>\n<meta property=\"og:url\" content=\"https:\/\/www.thegreenbow.com\/fr\/societe\/actualites\/comment-le-comcybergend-combat-aux-cotes-des-entreprises\/\" \/>\n<meta property=\"og:site_name\" content=\"TheGreenBow\" \/>\n<meta property=\"article:published_time\" content=\"2021-12-07T14:52:38+00:00\" \/>\n<meta property=\"article:modified_time\" content=\"2022-03-22T08:25:06+00:00\" \/>\n<meta property=\"og:image\" content=\"https:\/\/www.thegreenbow.com\/wp-content\/uploads\/2021\/12\/Vignette-2.jpg\" \/>\n\t<meta property=\"og:image:width\" content=\"320\" \/>\n\t<meta property=\"og:image:height\" content=\"180\" \/>\n\t<meta property=\"og:image:type\" content=\"image\/jpeg\" \/>\n<meta name=\"author\" content=\"Arnaud Dufournet\" \/>\n<meta name=\"twitter:card\" content=\"summary_large_image\" \/>\n<meta name=\"twitter:creator\" content=\"@thegreenbow\" \/>\n<meta name=\"twitter:site\" content=\"@thegreenbow\" \/>\n<meta name=\"twitter:label1\" content=\"\u00c9crit par\" \/>\n\t<meta name=\"twitter:data1\" content=\"Arnaud Dufournet\" \/>\n\t<meta name=\"twitter:label2\" content=\"Dur\u00e9e de lecture estim\u00e9e\" \/>\n\t<meta name=\"twitter:data2\" content=\"3 minutes\" \/>\n<script type=\"application\/ld+json\" class=\"yoast-schema-graph\">{\"@context\":\"https:\\\/\\\/schema.org\",\"@graph\":[{\"@type\":\"Article\",\"@id\":\"https:\\\/\\\/www.thegreenbow.com\\\/fr\\\/societe\\\/actualites\\\/comment-le-comcybergend-combat-aux-cotes-des-entreprises\\\/#article\",\"isPartOf\":{\"@id\":\"https:\\\/\\\/www.thegreenbow.com\\\/fr\\\/societe\\\/actualites\\\/comment-le-comcybergend-combat-aux-cotes-des-entreprises\\\/\"},\"author\":{\"name\":\"Arnaud Dufournet\",\"@id\":\"https:\\\/\\\/www.thegreenbow.com\\\/fr\\\/#\\\/schema\\\/person\\\/32a5ca8acb3718276dd3167983d61eba\"},\"headline\":\"TheGreenShow #4\",\"datePublished\":\"2021-12-07T14:52:38+00:00\",\"dateModified\":\"2022-03-22T08:25:06+00:00\",\"mainEntityOfPage\":{\"@id\":\"https:\\\/\\\/www.thegreenbow.com\\\/fr\\\/societe\\\/actualites\\\/comment-le-comcybergend-combat-aux-cotes-des-entreprises\\\/\"},\"wordCount\":420,\"publisher\":{\"@id\":\"https:\\\/\\\/www.thegreenbow.com\\\/fr\\\/#organization\"},\"image\":{\"@id\":\"https:\\\/\\\/www.thegreenbow.com\\\/fr\\\/societe\\\/actualites\\\/comment-le-comcybergend-combat-aux-cotes-des-entreprises\\\/#primaryimage\"},\"thumbnailUrl\":\"https:\\\/\\\/www.thegreenbow.com\\\/wp-content\\\/uploads\\\/2021\\\/12\\\/Vignette-2.jpg\",\"articleSection\":[\"Communiqu\u00e9 de presse\"],\"inLanguage\":\"fr-FR\"},{\"@type\":\"WebPage\",\"@id\":\"https:\\\/\\\/www.thegreenbow.com\\\/fr\\\/societe\\\/actualites\\\/comment-le-comcybergend-combat-aux-cotes-des-entreprises\\\/\",\"url\":\"https:\\\/\\\/www.thegreenbow.com\\\/fr\\\/societe\\\/actualites\\\/comment-le-comcybergend-combat-aux-cotes-des-entreprises\\\/\",\"name\":\"TheGreenShow - Emission 4\",\"isPartOf\":{\"@id\":\"https:\\\/\\\/www.thegreenbow.com\\\/fr\\\/#website\"},\"primaryImageOfPage\":{\"@id\":\"https:\\\/\\\/www.thegreenbow.com\\\/fr\\\/societe\\\/actualites\\\/comment-le-comcybergend-combat-aux-cotes-des-entreprises\\\/#primaryimage\"},\"image\":{\"@id\":\"https:\\\/\\\/www.thegreenbow.com\\\/fr\\\/societe\\\/actualites\\\/comment-le-comcybergend-combat-aux-cotes-des-entreprises\\\/#primaryimage\"},\"thumbnailUrl\":\"https:\\\/\\\/www.thegreenbow.com\\\/wp-content\\\/uploads\\\/2021\\\/12\\\/Vignette-2.jpg\",\"datePublished\":\"2021-12-07T14:52:38+00:00\",\"dateModified\":\"2022-03-22T08:25:06+00:00\",\"description\":\"La quatri\u00e8me \u00e9mission de la Web TV de TheGreenBow d\u00e9crypte le ComCyberGend qui combat aux c\u00f4t\u00e9s des entreprises avec Marc Boget, G\u00e9n\u00e9ral de division, commandant de la gendarmerie dans le cyberespace.\",\"breadcrumb\":{\"@id\":\"https:\\\/\\\/www.thegreenbow.com\\\/fr\\\/societe\\\/actualites\\\/comment-le-comcybergend-combat-aux-cotes-des-entreprises\\\/#breadcrumb\"},\"inLanguage\":\"fr-FR\",\"potentialAction\":[{\"@type\":\"ReadAction\",\"target\":[\"https:\\\/\\\/www.thegreenbow.com\\\/fr\\\/societe\\\/actualites\\\/comment-le-comcybergend-combat-aux-cotes-des-entreprises\\\/\"]}]},{\"@type\":\"ImageObject\",\"inLanguage\":\"fr-FR\",\"@id\":\"https:\\\/\\\/www.thegreenbow.com\\\/fr\\\/societe\\\/actualites\\\/comment-le-comcybergend-combat-aux-cotes-des-entreprises\\\/#primaryimage\",\"url\":\"https:\\\/\\\/www.thegreenbow.com\\\/wp-content\\\/uploads\\\/2021\\\/12\\\/Vignette-2.jpg\",\"contentUrl\":\"https:\\\/\\\/www.thegreenbow.com\\\/wp-content\\\/uploads\\\/2021\\\/12\\\/Vignette-2.jpg\",\"width\":320,\"height\":180},{\"@type\":\"BreadcrumbList\",\"@id\":\"https:\\\/\\\/www.thegreenbow.com\\\/fr\\\/societe\\\/actualites\\\/comment-le-comcybergend-combat-aux-cotes-des-entreprises\\\/#breadcrumb\",\"itemListElement\":[{\"@type\":\"ListItem\",\"position\":1,\"name\":\"Accueil\",\"item\":\"https:\\\/\\\/www.thegreenbow.com\\\/fr\\\/\"},{\"@type\":\"ListItem\",\"position\":2,\"name\":\"TheGreenShow #4\"}]},{\"@type\":\"WebSite\",\"@id\":\"https:\\\/\\\/www.thegreenbow.com\\\/fr\\\/#website\",\"url\":\"https:\\\/\\\/www.thegreenbow.com\\\/fr\\\/\",\"name\":\"TheGreenBow\",\"description\":\"\",\"publisher\":{\"@id\":\"https:\\\/\\\/www.thegreenbow.com\\\/fr\\\/#organization\"},\"potentialAction\":[{\"@type\":\"SearchAction\",\"target\":{\"@type\":\"EntryPoint\",\"urlTemplate\":\"https:\\\/\\\/www.thegreenbow.com\\\/fr\\\/?s={search_term_string}\"},\"query-input\":{\"@type\":\"PropertyValueSpecification\",\"valueRequired\":true,\"valueName\":\"search_term_string\"}}],\"inLanguage\":\"fr-FR\"},{\"@type\":\"Organization\",\"@id\":\"https:\\\/\\\/www.thegreenbow.com\\\/fr\\\/#organization\",\"name\":\"TheGreenBow\",\"url\":\"https:\\\/\\\/www.thegreenbow.com\\\/fr\\\/\",\"logo\":{\"@type\":\"ImageObject\",\"inLanguage\":\"fr-FR\",\"@id\":\"https:\\\/\\\/www.thegreenbow.com\\\/fr\\\/#\\\/schema\\\/logo\\\/image\\\/\",\"url\":\"https:\\\/\\\/www.thegreenbow.com\\\/wp-content\\\/uploads\\\/2021\\\/04\\\/Logotype@2x-min.png\",\"contentUrl\":\"https:\\\/\\\/www.thegreenbow.com\\\/wp-content\\\/uploads\\\/2021\\\/04\\\/Logotype@2x-min.png\",\"width\":422,\"height\":84,\"caption\":\"TheGreenBow\"},\"image\":{\"@id\":\"https:\\\/\\\/www.thegreenbow.com\\\/fr\\\/#\\\/schema\\\/logo\\\/image\\\/\"},\"sameAs\":[\"https:\\\/\\\/x.com\\\/thegreenbow\",\"https:\\\/\\\/fr.linkedin.com\\\/company\\\/thegreenbow\",\"https:\\\/\\\/www.youtube.com\\\/channel\\\/UCZKtI7_fmgFcmovgGSy8AnQ\"]},{\"@type\":\"Person\",\"@id\":\"https:\\\/\\\/www.thegreenbow.com\\\/fr\\\/#\\\/schema\\\/person\\\/32a5ca8acb3718276dd3167983d61eba\",\"name\":\"Arnaud Dufournet\"}]}<\/script>\n<!-- \/ Yoast SEO plugin. -->","yoast_head_json":{"title":"TheGreenShow - Emission 4","description":"La quatri\u00e8me \u00e9mission de la Web TV de TheGreenBow d\u00e9crypte le ComCyberGend qui combat aux c\u00f4t\u00e9s des entreprises avec Marc Boget, G\u00e9n\u00e9ral de division, commandant de la gendarmerie dans le cyberespace.","robots":{"index":"index","follow":"follow","max-snippet":"max-snippet:-1","max-image-preview":"max-image-preview:large","max-video-preview":"max-video-preview:-1"},"canonical":"https:\/\/www.thegreenbow.com\/fr\/societe\/actualites\/comment-le-comcybergend-combat-aux-cotes-des-entreprises\/","og_locale":"fr_FR","og_type":"article","og_title":"TheGreenShow - Emission 4","og_description":"La quatri\u00e8me \u00e9mission de la Web TV de TheGreenBow d\u00e9crypte le ComCyberGend qui combat aux c\u00f4t\u00e9s des entreprises avec Marc Boget, G\u00e9n\u00e9ral de division, commandant de la gendarmerie dans le cyberespace.","og_url":"https:\/\/www.thegreenbow.com\/fr\/societe\/actualites\/comment-le-comcybergend-combat-aux-cotes-des-entreprises\/","og_site_name":"TheGreenBow","article_published_time":"2021-12-07T14:52:38+00:00","article_modified_time":"2022-03-22T08:25:06+00:00","og_image":[{"width":320,"height":180,"url":"https:\/\/www.thegreenbow.com\/wp-content\/uploads\/2021\/12\/Vignette-2.jpg","type":"image\/jpeg"}],"author":"Arnaud Dufournet","twitter_card":"summary_large_image","twitter_creator":"@thegreenbow","twitter_site":"@thegreenbow","twitter_misc":{"\u00c9crit par":"Arnaud Dufournet","Dur\u00e9e de lecture estim\u00e9e":"3 minutes"},"schema":{"@context":"https:\/\/schema.org","@graph":[{"@type":"Article","@id":"https:\/\/www.thegreenbow.com\/fr\/societe\/actualites\/comment-le-comcybergend-combat-aux-cotes-des-entreprises\/#article","isPartOf":{"@id":"https:\/\/www.thegreenbow.com\/fr\/societe\/actualites\/comment-le-comcybergend-combat-aux-cotes-des-entreprises\/"},"author":{"name":"Arnaud Dufournet","@id":"https:\/\/www.thegreenbow.com\/fr\/#\/schema\/person\/32a5ca8acb3718276dd3167983d61eba"},"headline":"TheGreenShow #4","datePublished":"2021-12-07T14:52:38+00:00","dateModified":"2022-03-22T08:25:06+00:00","mainEntityOfPage":{"@id":"https:\/\/www.thegreenbow.com\/fr\/societe\/actualites\/comment-le-comcybergend-combat-aux-cotes-des-entreprises\/"},"wordCount":420,"publisher":{"@id":"https:\/\/www.thegreenbow.com\/fr\/#organization"},"image":{"@id":"https:\/\/www.thegreenbow.com\/fr\/societe\/actualites\/comment-le-comcybergend-combat-aux-cotes-des-entreprises\/#primaryimage"},"thumbnailUrl":"https:\/\/www.thegreenbow.com\/wp-content\/uploads\/2021\/12\/Vignette-2.jpg","articleSection":["Communiqu\u00e9 de presse"],"inLanguage":"fr-FR"},{"@type":"WebPage","@id":"https:\/\/www.thegreenbow.com\/fr\/societe\/actualites\/comment-le-comcybergend-combat-aux-cotes-des-entreprises\/","url":"https:\/\/www.thegreenbow.com\/fr\/societe\/actualites\/comment-le-comcybergend-combat-aux-cotes-des-entreprises\/","name":"TheGreenShow - Emission 4","isPartOf":{"@id":"https:\/\/www.thegreenbow.com\/fr\/#website"},"primaryImageOfPage":{"@id":"https:\/\/www.thegreenbow.com\/fr\/societe\/actualites\/comment-le-comcybergend-combat-aux-cotes-des-entreprises\/#primaryimage"},"image":{"@id":"https:\/\/www.thegreenbow.com\/fr\/societe\/actualites\/comment-le-comcybergend-combat-aux-cotes-des-entreprises\/#primaryimage"},"thumbnailUrl":"https:\/\/www.thegreenbow.com\/wp-content\/uploads\/2021\/12\/Vignette-2.jpg","datePublished":"2021-12-07T14:52:38+00:00","dateModified":"2022-03-22T08:25:06+00:00","description":"La quatri\u00e8me \u00e9mission de la Web TV de TheGreenBow d\u00e9crypte le ComCyberGend qui combat aux c\u00f4t\u00e9s des entreprises avec Marc Boget, G\u00e9n\u00e9ral de division, commandant de la gendarmerie dans le cyberespace.","breadcrumb":{"@id":"https:\/\/www.thegreenbow.com\/fr\/societe\/actualites\/comment-le-comcybergend-combat-aux-cotes-des-entreprises\/#breadcrumb"},"inLanguage":"fr-FR","potentialAction":[{"@type":"ReadAction","target":["https:\/\/www.thegreenbow.com\/fr\/societe\/actualites\/comment-le-comcybergend-combat-aux-cotes-des-entreprises\/"]}]},{"@type":"ImageObject","inLanguage":"fr-FR","@id":"https:\/\/www.thegreenbow.com\/fr\/societe\/actualites\/comment-le-comcybergend-combat-aux-cotes-des-entreprises\/#primaryimage","url":"https:\/\/www.thegreenbow.com\/wp-content\/uploads\/2021\/12\/Vignette-2.jpg","contentUrl":"https:\/\/www.thegreenbow.com\/wp-content\/uploads\/2021\/12\/Vignette-2.jpg","width":320,"height":180},{"@type":"BreadcrumbList","@id":"https:\/\/www.thegreenbow.com\/fr\/societe\/actualites\/comment-le-comcybergend-combat-aux-cotes-des-entreprises\/#breadcrumb","itemListElement":[{"@type":"ListItem","position":1,"name":"Accueil","item":"https:\/\/www.thegreenbow.com\/fr\/"},{"@type":"ListItem","position":2,"name":"TheGreenShow #4"}]},{"@type":"WebSite","@id":"https:\/\/www.thegreenbow.com\/fr\/#website","url":"https:\/\/www.thegreenbow.com\/fr\/","name":"TheGreenBow","description":"","publisher":{"@id":"https:\/\/www.thegreenbow.com\/fr\/#organization"},"potentialAction":[{"@type":"SearchAction","target":{"@type":"EntryPoint","urlTemplate":"https:\/\/www.thegreenbow.com\/fr\/?s={search_term_string}"},"query-input":{"@type":"PropertyValueSpecification","valueRequired":true,"valueName":"search_term_string"}}],"inLanguage":"fr-FR"},{"@type":"Organization","@id":"https:\/\/www.thegreenbow.com\/fr\/#organization","name":"TheGreenBow","url":"https:\/\/www.thegreenbow.com\/fr\/","logo":{"@type":"ImageObject","inLanguage":"fr-FR","@id":"https:\/\/www.thegreenbow.com\/fr\/#\/schema\/logo\/image\/","url":"https:\/\/www.thegreenbow.com\/wp-content\/uploads\/2021\/04\/Logotype@2x-min.png","contentUrl":"https:\/\/www.thegreenbow.com\/wp-content\/uploads\/2021\/04\/Logotype@2x-min.png","width":422,"height":84,"caption":"TheGreenBow"},"image":{"@id":"https:\/\/www.thegreenbow.com\/fr\/#\/schema\/logo\/image\/"},"sameAs":["https:\/\/x.com\/thegreenbow","https:\/\/fr.linkedin.com\/company\/thegreenbow","https:\/\/www.youtube.com\/channel\/UCZKtI7_fmgFcmovgGSy8AnQ"]},{"@type":"Person","@id":"https:\/\/www.thegreenbow.com\/fr\/#\/schema\/person\/32a5ca8acb3718276dd3167983d61eba","name":"Arnaud Dufournet"}]}},"_links":{"self":[{"href":"https:\/\/www.thegreenbow.com\/fr\/wp-json\/wp\/v2\/posts\/11872","targetHints":{"allow":["GET"]}}],"collection":[{"href":"https:\/\/www.thegreenbow.com\/fr\/wp-json\/wp\/v2\/posts"}],"about":[{"href":"https:\/\/www.thegreenbow.com\/fr\/wp-json\/wp\/v2\/types\/post"}],"author":[{"embeddable":true,"href":"https:\/\/www.thegreenbow.com\/fr\/wp-json\/wp\/v2\/users\/4"}],"replies":[{"embeddable":true,"href":"https:\/\/www.thegreenbow.com\/fr\/wp-json\/wp\/v2\/comments?post=11872"}],"version-history":[{"count":7,"href":"https:\/\/www.thegreenbow.com\/fr\/wp-json\/wp\/v2\/posts\/11872\/revisions"}],"predecessor-version":[{"id":12461,"href":"https:\/\/www.thegreenbow.com\/fr\/wp-json\/wp\/v2\/posts\/11872\/revisions\/12461"}],"wp:featuredmedia":[{"embeddable":true,"href":"https:\/\/www.thegreenbow.com\/fr\/wp-json\/wp\/v2\/media\/11873"}],"wp:attachment":[{"href":"https:\/\/www.thegreenbow.com\/fr\/wp-json\/wp\/v2\/media?parent=11872"}],"wp:term":[{"taxonomy":"category","embeddable":true,"href":"https:\/\/www.thegreenbow.com\/fr\/wp-json\/wp\/v2\/categories?post=11872"},{"taxonomy":"post_tag","embeddable":true,"href":"https:\/\/www.thegreenbow.com\/fr\/wp-json\/wp\/v2\/tags?post=11872"}],"curies":[{"name":"wp","href":"https:\/\/api.w.org\/{rel}","templated":true}]}}