{"id":15459,"date":"2023-05-25T09:00:00","date_gmt":"2023-05-25T07:00:00","guid":{"rendered":"https:\/\/www.thegreenbow.com\/?p=15459"},"modified":"2023-06-01T10:32:24","modified_gmt":"2023-06-01T08:32:24","slug":"thegreenbow-signe-un-partenariat-academique-avec-guardia-cybersecurity-school","status":"publish","type":"post","link":"https:\/\/www.thegreenbow.com\/fr\/societe\/actualites\/thegreenbow-signe-un-partenariat-academique-avec-guardia-cybersecurity-school\/","title":{"rendered":"TheGreenBow signe un partenariat acad\u00e9mique avec Guardia Cybersecurity School  pour former de futurs experts en cybers\u00e9curit\u00e9"},"content":{"rendered":"\n<section  class=\"wp-block-acf-news-page-banner is-style-variation-single-news-banner post\" >\n  \n    <div class=\"section-content section-banner has-white-color img-align-bottom img-align-center\"  data-interchange=\"[https:\/\/www.thegreenbow.com\/wp-content\/uploads\/2021\/05\/thegreenbow-header-actualite-min-768x400.jpg, small], [https:\/\/www.thegreenbow.com\/wp-content\/uploads\/2021\/05\/thegreenbow-header-actualite-min-1024x1024.jpg, medium], [https:\/\/www.thegreenbow.com\/wp-content\/uploads\/2021\/05\/thegreenbow-header-actualite-min-1366x218.jpg, large], [https:\/\/www.thegreenbow.com\/wp-content\/uploads\/2021\/05\/thegreenbow-header-actualite-min.jpg, xlarge], [https:\/\/www.thegreenbow.com\/wp-content\/uploads\/2021\/05\/thegreenbow-header-actualite-min-1366x712.jpg, retina], [https:\/\/www.thegreenbow.com\/wp-content\/uploads\/2021\/05\/thegreenbow-header-actualite-min-1366x1366.jpg, medium_retina], [https:\/\/www.thegreenbow.com\/wp-content\/uploads\/2021\/05\/thegreenbow-header-actualite-min.jpg, large_retina]\" data-interchange-sizes=\"{&quot;small&quot;:{&quot;w&quot;:768,&quot;h&quot;:400},&quot;medium&quot;:{&quot;w&quot;:1024,&quot;h&quot;:1024},&quot;large&quot;:{&quot;w&quot;:1366,&quot;h&quot;:218},&quot;xlarge&quot;:{&quot;w&quot;:1920,&quot;h&quot;:307},&quot;retina&quot;:{&quot;w&quot;:1366,&quot;h&quot;:712},&quot;medium_retina&quot;:{&quot;w&quot;:1366,&quot;h&quot;:1366},&quot;large_retina&quot;:{&quot;w&quot;:1920,&quot;h&quot;:307},&quot;xlarge_retina&quot;:{&quot;w&quot;:1920,&quot;h&quot;:307}}\" >\n\n              <h1 class=\"page-title\">TheGreenBow signe un partenariat acad\u00e9mique avec Guardia Cybersecurity School  pour former de futurs experts en cybers\u00e9curit\u00e9<\/h1>\n      \n    <\/div>\n\n  \n  \n  \n<\/section>\n\n\n<section class=\"block-grid-wrapper block-grid-for-core-cover\">\n      <div class=\"default-editor-content grid-for-core-cover grid-container\">\n        <div class=\"grid-x grid-padding-x align-center\">\n          <div class=\"cell\">\n            \n<div class=\"wp-block-cover is-light\"><span aria-hidden=\"true\" class=\"wp-block-cover__background has-background-dim-20 has-background-dim\"><\/span><img width=\"2560\" height=\"1812\" data-src=\"https:\/\/www.thegreenbow.com\/wp-content\/uploads\/2023\/05\/Signature-01-scaled.jpg\" data-lazy-img data-fade-in  class=\"wp-block-cover__image-background wp-post-image\" alt=\"Val\u00e9rie Dmitrovic, directrice g\u00e9n\u00e9rale de Quest Education Group et Mathieu Isaia, directeur g\u00e9n\u00e9ral de TheGreenBow\" data-object-fit=\"cover\" data-object-position=\"47% 78%\" style=\"object-position:47% 78%;\" data-srcset=\"https:\/\/www.thegreenbow.com\/wp-content\/uploads\/2023\/05\/Signature-01-scaled.jpg 2560w, https:\/\/www.thegreenbow.com\/wp-content\/uploads\/2023\/05\/Signature-01-300x212.jpg 300w, https:\/\/www.thegreenbow.com\/wp-content\/uploads\/2023\/05\/Signature-01-1024x725.jpg 1024w, https:\/\/www.thegreenbow.com\/wp-content\/uploads\/2023\/05\/Signature-01-768x543.jpg 768w, https:\/\/www.thegreenbow.com\/wp-content\/uploads\/2023\/05\/Signature-01-1536x1087.jpg 1536w, https:\/\/www.thegreenbow.com\/wp-content\/uploads\/2023\/05\/Signature-01-2048x1449.jpg 2048w, https:\/\/www.thegreenbow.com\/wp-content\/uploads\/2023\/05\/Signature-01-100x71.jpg 100w\" data-sizes=\"(max-width: 2560px) 100vw, 2560px\" \/><div class=\"wp-block-cover__inner-container is-layout-flow wp-block-cover-is-layout-flow\">\n<p class=\"has-text-align-center has-large-font-size\"><\/p>\n<\/div><\/div>\n          <\/div>\n        <\/div>\n      <\/div>\n\n      <\/section>\n\n<section class=\"block-grid-wrapper block-grid-for-core-paragraph\">\n      <div class=\"default-editor-content grid-for-core-paragraph grid-container\">\n        <div class=\"grid-x grid-padding-x align-center\">\n          <div class=\"cell\">\n            \n<p><\/p>\n          <\/div>\n        <\/div>\n      <\/div>\n\n      <\/section>\n\n<section class=\"block-grid-wrapper block-grid-for-core-paragraph\">\n      <div class=\"default-editor-content grid-for-core-paragraph grid-container\">\n        <div class=\"grid-x grid-padding-x align-center\">\n          <div class=\"cell\">\n            \n<p>Face \u00e0 l\u2019intensification des cybermenaces auxquelles les organisations publiques et priv\u00e9es fran\u00e7aises sont expos\u00e9es, Emmanuel Macron d\u00e9voilait en f\u00e9vrier 2021, un&nbsp;\u00ab&nbsp;plan national&nbsp;pour la cybers\u00e9curit\u00e9&nbsp;\u00bb. Dot\u00e9 d&rsquo;une enveloppe d\u2019un milliard d\u2019euros, ce plan a pour ambition d\u2019acc\u00e9l\u00e9rer le d\u00e9veloppement de la fili\u00e8re, notamment en pr\u00e9voyant de doubler les effectifs. Avec une p\u00e9nurie estim\u00e9e \u00e0 <a href=\"https:\/\/www.wavestone.com\/fr\/communiques-de-presse\/maturite-cyber-en-france-une-progression-notable-dans-les-grandes-organisations-qui-se-ressent-sur-la-reussite-des-attaques-cyber\/\" target=\"_blank\" rel=\"noreferrer noopener\">15&nbsp;000 postes en France<\/a> selon le cabinet de conseil Wavestone, la formation est au c\u0153ur de la r\u00e9ussite de ce plan.<\/p>\n          <\/div>\n        <\/div>\n      <\/div>\n\n      <\/section>\n\n<section class=\"block-grid-wrapper block-grid-for-core-paragraph\">\n      <div class=\"default-editor-content grid-for-core-paragraph grid-container\">\n        <div class=\"grid-x grid-padding-x align-center\">\n          <div class=\"cell\">\n            \n<p>C\u2019est pour apporter leur contribution au succ\u00e8s de ce plan que <a href=\"https:\/\/guardia.school\/\" target=\"_blank\" rel=\"noreferrer noopener\">Guardia Cybersecurity School<\/a> et TheGreenBow ont sign\u00e9 un partenariat acad\u00e9mique avec comme ambition de former de futurs experts en cybers\u00e9curit\u00e9 rapidement op\u00e9rationnels.<\/p>\n          <\/div>\n        <\/div>\n      <\/div>\n\n      <\/section>\n\n<section class=\"block-grid-wrapper block-grid-for-core-paragraph\">\n      <div class=\"default-editor-content grid-for-core-paragraph grid-container\">\n        <div class=\"grid-x grid-padding-x align-center\">\n          <div class=\"cell\">\n            \n<p>Val\u00e9rie Dmitrovic, directrice g\u00e9n\u00e9rale de Quest Education Group et Mathieu Isaia, directeur g\u00e9n\u00e9ral de TheGreenBow nous expliquent les motivations de cette collaboration.<\/p>\n          <\/div>\n        <\/div>\n      <\/div>\n\n      <\/section>\n\n<section class=\"block-grid-wrapper block-grid-for-core-heading\">\n      <div class=\"default-editor-content grid-for-core-heading grid-container\">\n        <div class=\"grid-x grid-padding-x align-center\">\n          <div class=\"cell\">\n            \n<h3 class=\"wp-block-heading\"><strong>Mathieu, quel regard portez-vous sur la formation en France et en particulier le manque de talents dont souffre la fili\u00e8re cybers\u00e9curit\u00e9&nbsp;?<\/strong><\/h3>\n          <\/div>\n        <\/div>\n      <\/div>\n\n      <\/section>\n\n<section class=\"block-grid-wrapper block-grid-for-core-paragraph\">\n      <div class=\"default-editor-content grid-for-core-paragraph grid-container\">\n        <div class=\"grid-x grid-padding-x align-center\">\n          <div class=\"cell\">\n            \n<p>Plusieurs d\u00e9fis importants sont \u00e0 relever. Le premier est clairement de cr\u00e9er de l\u2019attractivit\u00e9 pour les m\u00e9tiers de la fili\u00e8re aupr\u00e8s des jeunes et des demandeurs d\u2019emplois. Pour cela il faut commencer par casser l\u2019image du \u00ab&nbsp;geek en sweat \u00e0 capuche&nbsp;\u00bb qui passe des journ\u00e9es enti\u00e8res \u00e0 coder, les yeux riv\u00e9s sur plusieurs moniteurs. Les m\u00e9tiers de la cyber sont en r\u00e9alit\u00e9 nombreux et font appel \u00e0 des comp\u00e9tences tr\u00e8s vari\u00e9es. Le <a href=\"https:\/\/www.ssi.gouv.fr\/guide\/panorama-des-metiers-de-la-cybersecurite\/\">panorama des m\u00e9tiers de la cybers\u00e9curit\u00e9<\/a> r\u00e9alis\u00e9 en 2020 par l\u2019ANSSI pr\u00e9sente ainsi une cinquantaine de m\u00e9tiers r\u00e9partis en 4 familles.<\/p>\n          <\/div>\n        <\/div>\n      <\/div>\n\n      <\/section>\n\n<section class=\"block-grid-wrapper block-grid-for-core-paragraph\">\n      <div class=\"default-editor-content grid-for-core-paragraph grid-container\">\n        <div class=\"grid-x grid-padding-x align-center\">\n          <div class=\"cell\">\n            \n<p>Autre d\u00e9fi de taille&nbsp;: la f\u00e9minisation de la fili\u00e8re. Les femmes ne repr\u00e9sentent que 11% des effectifs toujours selon l\u2019ANSSI. Il faut donner envie aux coll\u00e9giennes et lyc\u00e9ennes de revenir vers les formations scientifiques notamment en valorisant les femmes qui brillent dans le secteur.<\/p>\n          <\/div>\n        <\/div>\n      <\/div>\n\n      <\/section>\n\n<section class=\"block-grid-wrapper block-grid-for-core-paragraph\">\n      <div class=\"default-editor-content grid-for-core-paragraph grid-container\">\n        <div class=\"grid-x grid-padding-x align-center\">\n          <div class=\"cell\">\n            \n<p>Enfin, dernier d\u00e9fi qui me parait essentiel&nbsp;: la maitrise des technologies num\u00e9riques de confiance et en particulier les technologies souveraines permettant de r\u00e9pondre aux menaces actuelles et futures. C\u2019est dans ce domaine que les fournisseurs de technologies comme TheGreenBow peuvent contribuer \u00e0 l\u2019effort d\u2019\u00e9vang\u00e9lisation et de formation.<\/p>\n          <\/div>\n        <\/div>\n      <\/div>\n\n      <\/section>\n\n<section class=\"block-grid-wrapper block-grid-for-core-heading\">\n      <div class=\"default-editor-content grid-for-core-heading grid-container\">\n        <div class=\"grid-x grid-padding-x align-center\">\n          <div class=\"cell\">\n            \n<h3 class=\"wp-block-heading\"><strong><strong>Val\u00e9rie, pouvez-vous pr\u00e9senter le groupe Quest Education en quelques mots et en particulier Guardia Cybersecurity School&nbsp;?<\/strong><\/strong><\/h3>\n          <\/div>\n        <\/div>\n      <\/div>\n\n      <\/section>\n\n<section class=\"block-grid-wrapper block-grid-for-core-paragraph\">\n      <div class=\"default-editor-content grid-for-core-paragraph grid-container\">\n        <div class=\"grid-x grid-padding-x align-center\">\n          <div class=\"cell\">\n            \n<p>Cr\u00e9\u00e9 en 2018, Quest Education est un groupe d\u2019enseignement sup\u00e9rieur d\u2019excellence qui pr\u00e9pare au monde de demain. Le positionnement de nos \u00e9coles est unique : secteur technologique, m\u00e9tiers en tension, p\u00e9dagogie innovante. Notre ambition est d\u2019\u00eatre le leader en termes d\u2019employabilit\u00e9 et d\u2019\u00e9panouissement de nos \u00e9tudiants dans chacune des th\u00e9matiques de formation que nous adressons. Former les talents en cybers\u00e9curit\u00e9 dont ont besoin toutes les organisations est notre mission.<\/p>\n          <\/div>\n        <\/div>\n      <\/div>\n\n      <\/section>\n\n<section class=\"block-grid-wrapper block-grid-for-core-paragraph\">\n      <div class=\"default-editor-content grid-for-core-paragraph grid-container\">\n        <div class=\"grid-x grid-padding-x align-center\">\n          <div class=\"cell\">\n            \n<p>Guardia Cybersecurity School est la premi\u00e8re \u00e9cole d\u2019informatique post bac en 5 ans <strong>100% d\u00e9di\u00e9e \u00e0 la Cybers\u00e9curit\u00e9<\/strong>. Derni\u00e8re-n\u00e9e des \u00e9coles de Quest Education Group, groupe d\u2019enseignement sup\u00e9rieur d\u2019excellence d\u00e9di\u00e9 aux m\u00e9tiers de la Tech et de l\u2019innovation, elle a vocation \u00e0 former des experts cybers\u00e9curit\u00e9 avec de solides comp\u00e9tences techniques acquises d\u00e8s le Bachelor (3 ans) \u00ab D\u00e9veloppeur informatique option cybers\u00e9curit\u00e9 \u00bb puis des experts de haut niveau avec le Master of Science \u00ab Expert cybers\u00e9curit\u00e9 \u00bb pour r\u00e9pondre aux besoins des entreprises et organisations et \u00eatre en phase avec un secteur de l\u2019emploi en tension, comme elle l\u2019est pour le secteur du Jeu Vid\u00e9o avec les \u00e9coles de Gaming Campus. Les campus sont situ\u00e9s \u00e0 Lyon et \u00e0 Paris-La D\u00e9fense.<\/p>\n          <\/div>\n        <\/div>\n      <\/div>\n\n      <\/section>\n\n<section class=\"block-grid-wrapper block-grid-for-core-heading\">\n      <div class=\"default-editor-content grid-for-core-heading grid-container\">\n        <div class=\"grid-x grid-padding-x align-center\">\n          <div class=\"cell\">\n            \n<h3 class=\"wp-block-heading\"><strong><strong><strong>Qu\u2019est-ce qui diff\u00e9rencie votre \u00e9cole des autres formations qui fleurissent ?<\/strong><\/strong><\/strong><\/h3>\n          <\/div>\n        <\/div>\n      <\/div>\n\n      <\/section>\n\n<section class=\"block-grid-wrapper block-grid-for-core-paragraph\">\n      <div class=\"default-editor-content grid-for-core-paragraph grid-container\">\n        <div class=\"grid-x grid-padding-x align-center\">\n          <div class=\"cell\">\n            \n<p>Comme \u00e9voqu\u00e9 ci-dessus, cette \u00e9cole, tout comme Gaming Campus, a pris son ADN \u00e0 partir d\u2019enjeux sectoriels, et elle est unique au sens o\u00f9 elle est pens\u00e9e par des experts de l\u2019\u00e9ducation, de la cybers\u00e9curit\u00e9 ainsi que par les entreprises du secteur. Il est question de former des experts m\u00e9tiers pour r\u00e9pondre \u00e0 des secteurs en tension et chaque formation est d\u00e9sign\u00e9e sp\u00e9cialement pour r\u00e9pondre \u00e0 des besoins pr\u00e9cis qui sont chaque ann\u00e9e revus et affin\u00e9s par un comit\u00e9 de perfectionnement constitu\u00e9 d\u2019experts du secteur.<\/p>\n          <\/div>\n        <\/div>\n      <\/div>\n\n      <\/section>\n\n<section class=\"block-grid-wrapper block-grid-for-core-paragraph\">\n      <div class=\"default-editor-content grid-for-core-paragraph grid-container\">\n        <div class=\"grid-x grid-padding-x align-center\">\n          <div class=\"cell\">\n            \n<p>Par ailleurs, l\u2019ensemble de la p\u00e9dagogie de Guardia Cybersecurity School est construit autour de la r\u00e9alisation de productions concr\u00e8tes r\u00e9alis\u00e9es selon la<strong> p\u00e9dagogie Active learning\u00ae<\/strong> &#8211; p\u00e9dagogie par projet &#8211; encadr\u00e9e par un professionnel. Tout au long de chaque projet, les \u00e9tudiants travaillent en \u00e9quipe, coach\u00e9s par l\u2019intervenant. \u00c0 la fin du projet, chaque groupe pr\u00e9sente son travail lors d\u2019une soutenance avec un jury. Ainsi, chaque ann\u00e9e, ce sont pr\u00e8s d\u2019une quinzaine de projets qui sont r\u00e9alis\u00e9s par les \u00e9tudiants.<\/p>\n          <\/div>\n        <\/div>\n      <\/div>\n\n      <\/section>\n\n<section class=\"block-grid-wrapper block-grid-for-core-heading\">\n      <div class=\"default-editor-content grid-for-core-heading grid-container\">\n        <div class=\"grid-x grid-padding-x align-center\">\n          <div class=\"cell\">\n            \n<h3 class=\"wp-block-heading\"><strong>Jouer les synergies entre les acteurs de l\u2019\u00e9cosyst\u00e8me cyber, cela se traduit concr\u00e8tement comment pour Guardia Cybersecurity School ?<\/strong><\/h3>\n          <\/div>\n        <\/div>\n      <\/div>\n\n      <\/section>\n\n<section class=\"block-grid-wrapper block-grid-for-core-paragraph\">\n      <div class=\"default-editor-content grid-for-core-paragraph grid-container\">\n        <div class=\"grid-x grid-padding-x align-center\">\n          <div class=\"cell\">\n            \n<p>Cela se traduit en premier lieu par du mentorat avec des experts comme Laurent Daudr\u00e9-Vignier de chez Exclusive Networks, entreprise avec laquelle par ailleurs l\u2019\u00e9cole a un partenariat pour un accueil d\u2019une dizaine d\u2019alternants chaque ann\u00e9e. D\u2019autres partenariats sont en cours dans le cadre de cette premi\u00e8re ann\u00e9e d\u2019existence de l\u2019\u00e9cole, avec CGI, Squadra, Mailinblack, Rudder.io, etc., autant d\u2019entreprises cl\u00e9s avec lesquelles Guardia Cybersecurity School a nou\u00e9 des relations de proximit\u00e9 et privil\u00e9gi\u00e9es.<\/p>\n          <\/div>\n        <\/div>\n      <\/div>\n\n      <\/section>\n\n<section class=\"block-grid-wrapper block-grid-for-core-heading\">\n      <div class=\"default-editor-content grid-for-core-heading grid-container\">\n        <div class=\"grid-x grid-padding-x align-center\">\n          <div class=\"cell\">\n            \n<h3 class=\"wp-block-heading\"><strong>Quels partenariats avez-vous d\u00e9velopp\u00e9s avec les acteurs de la cyber (Campus Cyber, fournisseurs de solutions, associations professionnels \u2026) ?<\/strong><\/h3>\n          <\/div>\n        <\/div>\n      <\/div>\n\n      <\/section>\n\n<section class=\"block-grid-wrapper block-grid-for-core-paragraph\">\n      <div class=\"default-editor-content grid-for-core-paragraph grid-container\">\n        <div class=\"grid-x grid-padding-x align-center\">\n          <div class=\"cell\">\n            \n<p>Depuis son lancement en septembre 2022, Guardia Cybersecurity School est devenue membre du Campus Cyber et de la F\u00e9d\u00e9ration fran\u00e7aise de la Cybers\u00e9curit\u00e9 et alimente son r\u00e9seau professionnel avec des acteurs de la cybers\u00e9curit\u00e9 en France et \u00e0 l&rsquo;international. Parmi les entreprises d\u00e9j\u00e0 partenaires, on compte Exclusive Networks, CGI, Squad, Sopra-Steria, et tr\u00e8s bient\u00f4t d&rsquo;autres acteurs importants viendront s&rsquo;ajouter au r\u00e9seau.<\/p>\n          <\/div>\n        <\/div>\n      <\/div>\n\n      <\/section>\n\n<section class=\"block-grid-wrapper block-grid-for-core-heading\">\n      <div class=\"default-editor-content grid-for-core-heading grid-container\">\n        <div class=\"grid-x grid-padding-x align-center\">\n          <div class=\"cell\">\n            \n<h3 class=\"wp-block-heading\"><strong>Mathieu, en quoi consiste ce partenariat avec Guardia Cybersecurity School ?<\/strong><\/h3>\n          <\/div>\n        <\/div>\n      <\/div>\n\n      <\/section>\n\n<section class=\"block-grid-wrapper block-grid-for-core-cover\">\n      <div class=\"default-editor-content grid-for-core-cover grid-container\">\n        <div class=\"grid-x grid-padding-x align-center\">\n          <div class=\"cell\">\n            \n<div class=\"wp-block-cover is-light\" style=\"min-height:550px;aspect-ratio:unset;\"><span aria-hidden=\"true\" class=\"wp-block-cover__background has-background-dim-20 has-background-dim\"><\/span><img loading=\"lazy\" decoding=\"async\" width=\"2560\" height=\"1828\" class=\"wp-block-cover__image-background wp-image-15466\" alt=\"Guardia Cybersecurity School et TheGreenBow signent un partenariat acad\u00e9mique\" src=\"https:\/\/www.thegreenbow.com\/wp-content\/uploads\/2023\/05\/Signature-02-scaled.jpeg\" style=\"object-position:49% 63%\" data-object-fit=\"cover\" data-object-position=\"49% 63%\" srcset=\"https:\/\/www.thegreenbow.com\/wp-content\/uploads\/2023\/05\/Signature-02-scaled.jpeg 2560w, https:\/\/www.thegreenbow.com\/wp-content\/uploads\/2023\/05\/Signature-02-300x214.jpeg 300w, https:\/\/www.thegreenbow.com\/wp-content\/uploads\/2023\/05\/Signature-02-1024x731.jpeg 1024w, https:\/\/www.thegreenbow.com\/wp-content\/uploads\/2023\/05\/Signature-02-768x549.jpeg 768w, https:\/\/www.thegreenbow.com\/wp-content\/uploads\/2023\/05\/Signature-02-1536x1097.jpeg 1536w, https:\/\/www.thegreenbow.com\/wp-content\/uploads\/2023\/05\/Signature-02-2048x1463.jpeg 2048w, https:\/\/www.thegreenbow.com\/wp-content\/uploads\/2023\/05\/Signature-02-100x71.jpeg 100w\" sizes=\"auto, (max-width: 2560px) 100vw, 2560px\" \/><div class=\"wp-block-cover__inner-container is-layout-flow wp-block-cover-is-layout-flow\">\n<p class=\"has-text-align-center has-large-font-size\"><\/p>\n<\/div><\/div>\n          <\/div>\n        <\/div>\n      <\/div>\n\n      <\/section>\n\n<section class=\"block-grid-wrapper block-grid-for-core-paragraph\">\n      <div class=\"default-editor-content grid-for-core-paragraph grid-container\">\n        <div class=\"grid-x grid-padding-x align-center\">\n          <div class=\"cell\">\n            \n<p><\/p>\n          <\/div>\n        <\/div>\n      <\/div>\n\n      <\/section>\n\n<section class=\"block-grid-wrapper block-grid-for-core-paragraph\">\n      <div class=\"default-editor-content grid-for-core-paragraph grid-container\">\n        <div class=\"grid-x grid-padding-x align-center\">\n          <div class=\"cell\">\n            \n<p>Nous nous r\u00e9jouissons de cette collaboration car nous concevons ce partenariat avant tout comme une opportunit\u00e9 d\u2019\u00e9change tr\u00e8s riche avec Guardia Cybersecurity School. Cet \u00e9change s\u2019exprimera sur plusieurs sujets&nbsp;:<\/p>\n          <\/div>\n        <\/div>\n      <\/div>\n\n      <\/section>\n\n<section class=\"block-grid-wrapper block-grid-for-core-list\">\n      <div class=\"default-editor-content grid-for-core-list grid-container\">\n        <div class=\"grid-x grid-padding-x align-center\">\n          <div class=\"cell\">\n            \n<ul class=\"wp-block-list\">\n<li>Tout d\u2019abord la formation aux technologies VPN&nbsp;: TheGreenBow s\u2019efforcera de transmettre son expertise de la s\u00e9curisation des communications distantes et des usages du VPN.<\/li>\n\n\n\n<li>L\u2019accompagnement des \u00e9tudiants sur des projets traitant des probl\u00e9matiques tr\u00e8s concr\u00e8tes comme la s\u00e9curisation des syst\u00e8mes d\u2019information \u00e0 l\u2019\u00e8re de l\u2019informatique quantique.<\/li>\n\n\n\n<li>L\u2019accueil d\u2019\u00e9l\u00e8ves en alternance au sein des \u00e9quipes de TheGreenBow notamment pour travailler dans les \u00e9quipes de d\u00e9veloppement.<\/li>\n<\/ul>\n          <\/div>\n        <\/div>\n      <\/div>\n\n      <\/section>\n\n<section class=\"block-grid-wrapper block-grid-for-core-paragraph\">\n      <div class=\"default-editor-content grid-for-core-paragraph grid-container\">\n        <div class=\"grid-x grid-padding-x align-center\">\n          <div class=\"cell\">\n            \n<p>TheGreenBow a toujours \u00e9t\u00e9 tr\u00e8s actif dans l\u2019\u00e9cosyst\u00e8me cyber. Ce partenariat symbolise notre volont\u00e9 de nous investir d\u00e9sormais dans la formation. L\u2019approche p\u00e9dagogique de Guardia Cybersecurity School nous a beaucoup s\u00e9duits par son c\u00f4t\u00e9 tr\u00e8s pragmatique et sa proximit\u00e9 avec les entreprises. Nous sommes impatients de contribuer \u00e0 la sensibilisation des \u00e9tudiants aux enjeux cyber, leur transmettre des comp\u00e9tences et surtout de leur donner envie de s\u2019investir \u00e0 leur tour dans la fili\u00e8re.<\/p>\n          <\/div>\n        <\/div>\n      <\/div>\n\n      <\/section>","protected":false},"excerpt":{"rendered":"<p>Face \u00e0 l\u2019intensification des cybermenaces auxquelles les organisations publiques et priv\u00e9es fran\u00e7aises sont expos\u00e9es, Emmanuel Macron d\u00e9voilait en f\u00e9vrier 2021, un&nbsp;\u00ab&nbsp;plan national&nbsp;pour la cybers\u00e9curit\u00e9&nbsp;\u00bb. Dot\u00e9 d&rsquo;une enveloppe d\u2019un milliard d\u2019euros, ce plan a pour ambition d\u2019acc\u00e9l\u00e9rer le d\u00e9veloppement de la fili\u00e8re, notamment en pr\u00e9voyant de doubler les effectifs. Avec une p\u00e9nurie estim\u00e9e \u00e0 15&nbsp;000 postes [&hellip;]<\/p>\n","protected":false},"author":4,"featured_media":15462,"comment_status":"closed","ping_status":"0","sticky":false,"template":"","format":"standard","meta":{"_acf_changed":false,"resource_type":"internal","footnotes":""},"categories":[38],"tags":[],"class_list":["post-15459","post","type-post","status-publish","format-standard","has-post-thumbnail","hentry","category-article"],"acf":[],"yoast_head":"<!-- This site is optimized with the Yoast SEO plugin v27.4 - https:\/\/yoast.com\/product\/yoast-seo-wordpress\/ -->\n<title>TheGreenBow signe un partenariat acad\u00e9mique avec Guardia Cybersecurity School pour former de futurs experts en cybers\u00e9curit\u00e9 - TheGreenBow<\/title>\n<meta name=\"description\" content=\"Guardia Cybersecurity School et TheGreenBow ont sign\u00e9 un partenariat acad\u00e9mique pour former des experts en cybers\u00e9curit\u00e9 rapidement op\u00e9rationnels.\" \/>\n<meta name=\"robots\" content=\"index, follow, max-snippet:-1, max-image-preview:large, max-video-preview:-1\" \/>\n<link rel=\"canonical\" href=\"https:\/\/www.thegreenbow.com\/fr\/societe\/actualites\/thegreenbow-signe-un-partenariat-academique-avec-guardia-cybersecurity-school\/\" \/>\n<meta property=\"og:locale\" content=\"fr_FR\" \/>\n<meta property=\"og:type\" content=\"article\" \/>\n<meta property=\"og:title\" content=\"TheGreenBow signe un partenariat acad\u00e9mique avec Guardia Cybersecurity School pour former de futurs experts en cybers\u00e9curit\u00e9 - TheGreenBow\" \/>\n<meta property=\"og:description\" content=\"Guardia Cybersecurity School et TheGreenBow ont sign\u00e9 un partenariat acad\u00e9mique pour former des experts en cybers\u00e9curit\u00e9 rapidement op\u00e9rationnels.\" \/>\n<meta property=\"og:url\" content=\"https:\/\/www.thegreenbow.com\/fr\/societe\/actualites\/thegreenbow-signe-un-partenariat-academique-avec-guardia-cybersecurity-school\/\" \/>\n<meta property=\"og:site_name\" content=\"TheGreenBow\" \/>\n<meta property=\"article:published_time\" content=\"2023-05-25T07:00:00+00:00\" \/>\n<meta property=\"article:modified_time\" content=\"2023-06-01T08:32:24+00:00\" \/>\n<meta property=\"og:image\" content=\"https:\/\/www.thegreenbow.com\/wp-content\/uploads\/2023\/05\/Signature-01-scaled.jpg\" \/>\n\t<meta property=\"og:image:width\" content=\"2560\" \/>\n\t<meta property=\"og:image:height\" content=\"1812\" \/>\n\t<meta property=\"og:image:type\" content=\"image\/jpeg\" \/>\n<meta name=\"author\" content=\"Arnaud Dufournet\" \/>\n<meta name=\"twitter:card\" content=\"summary_large_image\" \/>\n<meta name=\"twitter:creator\" content=\"@thegreenbow\" \/>\n<meta name=\"twitter:site\" content=\"@thegreenbow\" \/>\n<meta name=\"twitter:label1\" content=\"\u00c9crit par\" \/>\n\t<meta name=\"twitter:data1\" content=\"Arnaud Dufournet\" \/>\n\t<meta name=\"twitter:label2\" content=\"Dur\u00e9e de lecture estim\u00e9e\" \/>\n\t<meta name=\"twitter:data2\" content=\"6 minutes\" \/>\n<script type=\"application\/ld+json\" class=\"yoast-schema-graph\">{\"@context\":\"https:\\\/\\\/schema.org\",\"@graph\":[{\"@type\":\"Article\",\"@id\":\"https:\\\/\\\/www.thegreenbow.com\\\/fr\\\/societe\\\/actualites\\\/thegreenbow-signe-un-partenariat-academique-avec-guardia-cybersecurity-school\\\/#article\",\"isPartOf\":{\"@id\":\"https:\\\/\\\/www.thegreenbow.com\\\/fr\\\/societe\\\/actualites\\\/thegreenbow-signe-un-partenariat-academique-avec-guardia-cybersecurity-school\\\/\"},\"author\":{\"name\":\"Arnaud Dufournet\",\"@id\":\"https:\\\/\\\/www.thegreenbow.com\\\/fr\\\/#\\\/schema\\\/person\\\/32a5ca8acb3718276dd3167983d61eba\"},\"headline\":\"TheGreenBow signe un partenariat acad\u00e9mique avec Guardia Cybersecurity School pour former de futurs experts en cybers\u00e9curit\u00e9\",\"datePublished\":\"2023-05-25T07:00:00+00:00\",\"dateModified\":\"2023-06-01T08:32:24+00:00\",\"mainEntityOfPage\":{\"@id\":\"https:\\\/\\\/www.thegreenbow.com\\\/fr\\\/societe\\\/actualites\\\/thegreenbow-signe-un-partenariat-academique-avec-guardia-cybersecurity-school\\\/\"},\"wordCount\":1266,\"publisher\":{\"@id\":\"https:\\\/\\\/www.thegreenbow.com\\\/fr\\\/#organization\"},\"image\":{\"@id\":\"https:\\\/\\\/www.thegreenbow.com\\\/fr\\\/societe\\\/actualites\\\/thegreenbow-signe-un-partenariat-academique-avec-guardia-cybersecurity-school\\\/#primaryimage\"},\"thumbnailUrl\":\"https:\\\/\\\/www.thegreenbow.com\\\/wp-content\\\/uploads\\\/2023\\\/05\\\/Signature-01-scaled.jpg\",\"articleSection\":[\"Article\"],\"inLanguage\":\"fr-FR\"},{\"@type\":\"WebPage\",\"@id\":\"https:\\\/\\\/www.thegreenbow.com\\\/fr\\\/societe\\\/actualites\\\/thegreenbow-signe-un-partenariat-academique-avec-guardia-cybersecurity-school\\\/\",\"url\":\"https:\\\/\\\/www.thegreenbow.com\\\/fr\\\/societe\\\/actualites\\\/thegreenbow-signe-un-partenariat-academique-avec-guardia-cybersecurity-school\\\/\",\"name\":\"TheGreenBow signe un partenariat acad\u00e9mique avec Guardia Cybersecurity School pour former de futurs experts en cybers\u00e9curit\u00e9 - TheGreenBow\",\"isPartOf\":{\"@id\":\"https:\\\/\\\/www.thegreenbow.com\\\/fr\\\/#website\"},\"primaryImageOfPage\":{\"@id\":\"https:\\\/\\\/www.thegreenbow.com\\\/fr\\\/societe\\\/actualites\\\/thegreenbow-signe-un-partenariat-academique-avec-guardia-cybersecurity-school\\\/#primaryimage\"},\"image\":{\"@id\":\"https:\\\/\\\/www.thegreenbow.com\\\/fr\\\/societe\\\/actualites\\\/thegreenbow-signe-un-partenariat-academique-avec-guardia-cybersecurity-school\\\/#primaryimage\"},\"thumbnailUrl\":\"https:\\\/\\\/www.thegreenbow.com\\\/wp-content\\\/uploads\\\/2023\\\/05\\\/Signature-01-scaled.jpg\",\"datePublished\":\"2023-05-25T07:00:00+00:00\",\"dateModified\":\"2023-06-01T08:32:24+00:00\",\"description\":\"Guardia Cybersecurity School et TheGreenBow ont sign\u00e9 un partenariat acad\u00e9mique pour former des experts en cybers\u00e9curit\u00e9 rapidement op\u00e9rationnels.\",\"breadcrumb\":{\"@id\":\"https:\\\/\\\/www.thegreenbow.com\\\/fr\\\/societe\\\/actualites\\\/thegreenbow-signe-un-partenariat-academique-avec-guardia-cybersecurity-school\\\/#breadcrumb\"},\"inLanguage\":\"fr-FR\",\"potentialAction\":[{\"@type\":\"ReadAction\",\"target\":[\"https:\\\/\\\/www.thegreenbow.com\\\/fr\\\/societe\\\/actualites\\\/thegreenbow-signe-un-partenariat-academique-avec-guardia-cybersecurity-school\\\/\"]}]},{\"@type\":\"ImageObject\",\"inLanguage\":\"fr-FR\",\"@id\":\"https:\\\/\\\/www.thegreenbow.com\\\/fr\\\/societe\\\/actualites\\\/thegreenbow-signe-un-partenariat-academique-avec-guardia-cybersecurity-school\\\/#primaryimage\",\"url\":\"https:\\\/\\\/www.thegreenbow.com\\\/wp-content\\\/uploads\\\/2023\\\/05\\\/Signature-01-scaled.jpg\",\"contentUrl\":\"https:\\\/\\\/www.thegreenbow.com\\\/wp-content\\\/uploads\\\/2023\\\/05\\\/Signature-01-scaled.jpg\",\"width\":2560,\"height\":1812,\"caption\":\"Val\u00e9rie Dmitrovic, directrice g\u00e9n\u00e9rale de Quest Education Group et Mathieu Isaia, directeur g\u00e9n\u00e9ral de TheGreenBow\"},{\"@type\":\"BreadcrumbList\",\"@id\":\"https:\\\/\\\/www.thegreenbow.com\\\/fr\\\/societe\\\/actualites\\\/thegreenbow-signe-un-partenariat-academique-avec-guardia-cybersecurity-school\\\/#breadcrumb\",\"itemListElement\":[{\"@type\":\"ListItem\",\"position\":1,\"name\":\"Accueil\",\"item\":\"https:\\\/\\\/www.thegreenbow.com\\\/fr\\\/\"},{\"@type\":\"ListItem\",\"position\":2,\"name\":\"TheGreenBow signe un partenariat acad\u00e9mique avec Guardia Cybersecurity School pour former de futurs experts en cybers\u00e9curit\u00e9\"}]},{\"@type\":\"WebSite\",\"@id\":\"https:\\\/\\\/www.thegreenbow.com\\\/fr\\\/#website\",\"url\":\"https:\\\/\\\/www.thegreenbow.com\\\/fr\\\/\",\"name\":\"TheGreenBow\",\"description\":\"\",\"publisher\":{\"@id\":\"https:\\\/\\\/www.thegreenbow.com\\\/fr\\\/#organization\"},\"potentialAction\":[{\"@type\":\"SearchAction\",\"target\":{\"@type\":\"EntryPoint\",\"urlTemplate\":\"https:\\\/\\\/www.thegreenbow.com\\\/fr\\\/?s={search_term_string}\"},\"query-input\":{\"@type\":\"PropertyValueSpecification\",\"valueRequired\":true,\"valueName\":\"search_term_string\"}}],\"inLanguage\":\"fr-FR\"},{\"@type\":\"Organization\",\"@id\":\"https:\\\/\\\/www.thegreenbow.com\\\/fr\\\/#organization\",\"name\":\"TheGreenBow\",\"url\":\"https:\\\/\\\/www.thegreenbow.com\\\/fr\\\/\",\"logo\":{\"@type\":\"ImageObject\",\"inLanguage\":\"fr-FR\",\"@id\":\"https:\\\/\\\/www.thegreenbow.com\\\/fr\\\/#\\\/schema\\\/logo\\\/image\\\/\",\"url\":\"https:\\\/\\\/www.thegreenbow.com\\\/wp-content\\\/uploads\\\/2021\\\/04\\\/Logotype@2x-min.png\",\"contentUrl\":\"https:\\\/\\\/www.thegreenbow.com\\\/wp-content\\\/uploads\\\/2021\\\/04\\\/Logotype@2x-min.png\",\"width\":422,\"height\":84,\"caption\":\"TheGreenBow\"},\"image\":{\"@id\":\"https:\\\/\\\/www.thegreenbow.com\\\/fr\\\/#\\\/schema\\\/logo\\\/image\\\/\"},\"sameAs\":[\"https:\\\/\\\/x.com\\\/thegreenbow\",\"https:\\\/\\\/fr.linkedin.com\\\/company\\\/thegreenbow\",\"https:\\\/\\\/www.youtube.com\\\/channel\\\/UCZKtI7_fmgFcmovgGSy8AnQ\"]},{\"@type\":\"Person\",\"@id\":\"https:\\\/\\\/www.thegreenbow.com\\\/fr\\\/#\\\/schema\\\/person\\\/32a5ca8acb3718276dd3167983d61eba\",\"name\":\"Arnaud Dufournet\"}]}<\/script>\n<!-- \/ Yoast SEO plugin. -->","yoast_head_json":{"title":"TheGreenBow signe un partenariat acad\u00e9mique avec Guardia Cybersecurity School pour former de futurs experts en cybers\u00e9curit\u00e9 - TheGreenBow","description":"Guardia Cybersecurity School et TheGreenBow ont sign\u00e9 un partenariat acad\u00e9mique pour former des experts en cybers\u00e9curit\u00e9 rapidement op\u00e9rationnels.","robots":{"index":"index","follow":"follow","max-snippet":"max-snippet:-1","max-image-preview":"max-image-preview:large","max-video-preview":"max-video-preview:-1"},"canonical":"https:\/\/www.thegreenbow.com\/fr\/societe\/actualites\/thegreenbow-signe-un-partenariat-academique-avec-guardia-cybersecurity-school\/","og_locale":"fr_FR","og_type":"article","og_title":"TheGreenBow signe un partenariat acad\u00e9mique avec Guardia Cybersecurity School pour former de futurs experts en cybers\u00e9curit\u00e9 - TheGreenBow","og_description":"Guardia Cybersecurity School et TheGreenBow ont sign\u00e9 un partenariat acad\u00e9mique pour former des experts en cybers\u00e9curit\u00e9 rapidement op\u00e9rationnels.","og_url":"https:\/\/www.thegreenbow.com\/fr\/societe\/actualites\/thegreenbow-signe-un-partenariat-academique-avec-guardia-cybersecurity-school\/","og_site_name":"TheGreenBow","article_published_time":"2023-05-25T07:00:00+00:00","article_modified_time":"2023-06-01T08:32:24+00:00","og_image":[{"width":2560,"height":1812,"url":"https:\/\/www.thegreenbow.com\/wp-content\/uploads\/2023\/05\/Signature-01-scaled.jpg","type":"image\/jpeg"}],"author":"Arnaud Dufournet","twitter_card":"summary_large_image","twitter_creator":"@thegreenbow","twitter_site":"@thegreenbow","twitter_misc":{"\u00c9crit par":"Arnaud Dufournet","Dur\u00e9e de lecture estim\u00e9e":"6 minutes"},"schema":{"@context":"https:\/\/schema.org","@graph":[{"@type":"Article","@id":"https:\/\/www.thegreenbow.com\/fr\/societe\/actualites\/thegreenbow-signe-un-partenariat-academique-avec-guardia-cybersecurity-school\/#article","isPartOf":{"@id":"https:\/\/www.thegreenbow.com\/fr\/societe\/actualites\/thegreenbow-signe-un-partenariat-academique-avec-guardia-cybersecurity-school\/"},"author":{"name":"Arnaud Dufournet","@id":"https:\/\/www.thegreenbow.com\/fr\/#\/schema\/person\/32a5ca8acb3718276dd3167983d61eba"},"headline":"TheGreenBow signe un partenariat acad\u00e9mique avec Guardia Cybersecurity School pour former de futurs experts en cybers\u00e9curit\u00e9","datePublished":"2023-05-25T07:00:00+00:00","dateModified":"2023-06-01T08:32:24+00:00","mainEntityOfPage":{"@id":"https:\/\/www.thegreenbow.com\/fr\/societe\/actualites\/thegreenbow-signe-un-partenariat-academique-avec-guardia-cybersecurity-school\/"},"wordCount":1266,"publisher":{"@id":"https:\/\/www.thegreenbow.com\/fr\/#organization"},"image":{"@id":"https:\/\/www.thegreenbow.com\/fr\/societe\/actualites\/thegreenbow-signe-un-partenariat-academique-avec-guardia-cybersecurity-school\/#primaryimage"},"thumbnailUrl":"https:\/\/www.thegreenbow.com\/wp-content\/uploads\/2023\/05\/Signature-01-scaled.jpg","articleSection":["Article"],"inLanguage":"fr-FR"},{"@type":"WebPage","@id":"https:\/\/www.thegreenbow.com\/fr\/societe\/actualites\/thegreenbow-signe-un-partenariat-academique-avec-guardia-cybersecurity-school\/","url":"https:\/\/www.thegreenbow.com\/fr\/societe\/actualites\/thegreenbow-signe-un-partenariat-academique-avec-guardia-cybersecurity-school\/","name":"TheGreenBow signe un partenariat acad\u00e9mique avec Guardia Cybersecurity School pour former de futurs experts en cybers\u00e9curit\u00e9 - TheGreenBow","isPartOf":{"@id":"https:\/\/www.thegreenbow.com\/fr\/#website"},"primaryImageOfPage":{"@id":"https:\/\/www.thegreenbow.com\/fr\/societe\/actualites\/thegreenbow-signe-un-partenariat-academique-avec-guardia-cybersecurity-school\/#primaryimage"},"image":{"@id":"https:\/\/www.thegreenbow.com\/fr\/societe\/actualites\/thegreenbow-signe-un-partenariat-academique-avec-guardia-cybersecurity-school\/#primaryimage"},"thumbnailUrl":"https:\/\/www.thegreenbow.com\/wp-content\/uploads\/2023\/05\/Signature-01-scaled.jpg","datePublished":"2023-05-25T07:00:00+00:00","dateModified":"2023-06-01T08:32:24+00:00","description":"Guardia Cybersecurity School et TheGreenBow ont sign\u00e9 un partenariat acad\u00e9mique pour former des experts en cybers\u00e9curit\u00e9 rapidement op\u00e9rationnels.","breadcrumb":{"@id":"https:\/\/www.thegreenbow.com\/fr\/societe\/actualites\/thegreenbow-signe-un-partenariat-academique-avec-guardia-cybersecurity-school\/#breadcrumb"},"inLanguage":"fr-FR","potentialAction":[{"@type":"ReadAction","target":["https:\/\/www.thegreenbow.com\/fr\/societe\/actualites\/thegreenbow-signe-un-partenariat-academique-avec-guardia-cybersecurity-school\/"]}]},{"@type":"ImageObject","inLanguage":"fr-FR","@id":"https:\/\/www.thegreenbow.com\/fr\/societe\/actualites\/thegreenbow-signe-un-partenariat-academique-avec-guardia-cybersecurity-school\/#primaryimage","url":"https:\/\/www.thegreenbow.com\/wp-content\/uploads\/2023\/05\/Signature-01-scaled.jpg","contentUrl":"https:\/\/www.thegreenbow.com\/wp-content\/uploads\/2023\/05\/Signature-01-scaled.jpg","width":2560,"height":1812,"caption":"Val\u00e9rie Dmitrovic, directrice g\u00e9n\u00e9rale de Quest Education Group et Mathieu Isaia, directeur g\u00e9n\u00e9ral de TheGreenBow"},{"@type":"BreadcrumbList","@id":"https:\/\/www.thegreenbow.com\/fr\/societe\/actualites\/thegreenbow-signe-un-partenariat-academique-avec-guardia-cybersecurity-school\/#breadcrumb","itemListElement":[{"@type":"ListItem","position":1,"name":"Accueil","item":"https:\/\/www.thegreenbow.com\/fr\/"},{"@type":"ListItem","position":2,"name":"TheGreenBow signe un partenariat acad\u00e9mique avec Guardia Cybersecurity School pour former de futurs experts en cybers\u00e9curit\u00e9"}]},{"@type":"WebSite","@id":"https:\/\/www.thegreenbow.com\/fr\/#website","url":"https:\/\/www.thegreenbow.com\/fr\/","name":"TheGreenBow","description":"","publisher":{"@id":"https:\/\/www.thegreenbow.com\/fr\/#organization"},"potentialAction":[{"@type":"SearchAction","target":{"@type":"EntryPoint","urlTemplate":"https:\/\/www.thegreenbow.com\/fr\/?s={search_term_string}"},"query-input":{"@type":"PropertyValueSpecification","valueRequired":true,"valueName":"search_term_string"}}],"inLanguage":"fr-FR"},{"@type":"Organization","@id":"https:\/\/www.thegreenbow.com\/fr\/#organization","name":"TheGreenBow","url":"https:\/\/www.thegreenbow.com\/fr\/","logo":{"@type":"ImageObject","inLanguage":"fr-FR","@id":"https:\/\/www.thegreenbow.com\/fr\/#\/schema\/logo\/image\/","url":"https:\/\/www.thegreenbow.com\/wp-content\/uploads\/2021\/04\/Logotype@2x-min.png","contentUrl":"https:\/\/www.thegreenbow.com\/wp-content\/uploads\/2021\/04\/Logotype@2x-min.png","width":422,"height":84,"caption":"TheGreenBow"},"image":{"@id":"https:\/\/www.thegreenbow.com\/fr\/#\/schema\/logo\/image\/"},"sameAs":["https:\/\/x.com\/thegreenbow","https:\/\/fr.linkedin.com\/company\/thegreenbow","https:\/\/www.youtube.com\/channel\/UCZKtI7_fmgFcmovgGSy8AnQ"]},{"@type":"Person","@id":"https:\/\/www.thegreenbow.com\/fr\/#\/schema\/person\/32a5ca8acb3718276dd3167983d61eba","name":"Arnaud Dufournet"}]}},"_links":{"self":[{"href":"https:\/\/www.thegreenbow.com\/fr\/wp-json\/wp\/v2\/posts\/15459","targetHints":{"allow":["GET"]}}],"collection":[{"href":"https:\/\/www.thegreenbow.com\/fr\/wp-json\/wp\/v2\/posts"}],"about":[{"href":"https:\/\/www.thegreenbow.com\/fr\/wp-json\/wp\/v2\/types\/post"}],"author":[{"embeddable":true,"href":"https:\/\/www.thegreenbow.com\/fr\/wp-json\/wp\/v2\/users\/4"}],"replies":[{"embeddable":true,"href":"https:\/\/www.thegreenbow.com\/fr\/wp-json\/wp\/v2\/comments?post=15459"}],"version-history":[{"count":33,"href":"https:\/\/www.thegreenbow.com\/fr\/wp-json\/wp\/v2\/posts\/15459\/revisions"}],"predecessor-version":[{"id":15568,"href":"https:\/\/www.thegreenbow.com\/fr\/wp-json\/wp\/v2\/posts\/15459\/revisions\/15568"}],"wp:featuredmedia":[{"embeddable":true,"href":"https:\/\/www.thegreenbow.com\/fr\/wp-json\/wp\/v2\/media\/15462"}],"wp:attachment":[{"href":"https:\/\/www.thegreenbow.com\/fr\/wp-json\/wp\/v2\/media?parent=15459"}],"wp:term":[{"taxonomy":"category","embeddable":true,"href":"https:\/\/www.thegreenbow.com\/fr\/wp-json\/wp\/v2\/categories?post=15459"},{"taxonomy":"post_tag","embeddable":true,"href":"https:\/\/www.thegreenbow.com\/fr\/wp-json\/wp\/v2\/tags?post=15459"}],"curies":[{"name":"wp","href":"https:\/\/api.w.org\/{rel}","templated":true}]}}