{"id":16046,"date":"2023-10-19T11:02:13","date_gmt":"2023-10-19T09:02:13","guid":{"rendered":"https:\/\/www.thegreenbow.com\/?p=16046"},"modified":"2023-10-19T11:08:52","modified_gmt":"2023-10-19T09:08:52","slug":"thegreenbow-participe-a-leuropean-cyber-week-2023-a-rennes","status":"publish","type":"post","link":"https:\/\/www.thegreenbow.com\/fr\/societe\/actualites\/thegreenbow-participe-a-leuropean-cyber-week-2023-a-rennes\/","title":{"rendered":"TheGreenBow participe \u00e0 l&rsquo;European Cyber Week  2023 \u00e0 Rennes"},"content":{"rendered":"\n<section  class=\"wp-block-acf-news-page-banner is-style-variation-single-news-banner post\" >\n  \n    <div class=\"section-content section-banner has-white-color img-align-bottom img-align-center\"  data-interchange=\"[https:\/\/www.thegreenbow.com\/wp-content\/uploads\/2021\/05\/thegreenbow-header-actualite-min-768x400.jpg, small], [https:\/\/www.thegreenbow.com\/wp-content\/uploads\/2021\/05\/thegreenbow-header-actualite-min-1024x1024.jpg, medium], [https:\/\/www.thegreenbow.com\/wp-content\/uploads\/2021\/05\/thegreenbow-header-actualite-min-1366x218.jpg, large], [https:\/\/www.thegreenbow.com\/wp-content\/uploads\/2021\/05\/thegreenbow-header-actualite-min.jpg, xlarge], [https:\/\/www.thegreenbow.com\/wp-content\/uploads\/2021\/05\/thegreenbow-header-actualite-min-1366x712.jpg, retina], [https:\/\/www.thegreenbow.com\/wp-content\/uploads\/2021\/05\/thegreenbow-header-actualite-min-1366x1366.jpg, medium_retina], [https:\/\/www.thegreenbow.com\/wp-content\/uploads\/2021\/05\/thegreenbow-header-actualite-min.jpg, large_retina]\" data-interchange-sizes=\"{&quot;small&quot;:{&quot;w&quot;:768,&quot;h&quot;:400},&quot;medium&quot;:{&quot;w&quot;:1024,&quot;h&quot;:1024},&quot;large&quot;:{&quot;w&quot;:1366,&quot;h&quot;:218},&quot;xlarge&quot;:{&quot;w&quot;:1920,&quot;h&quot;:307},&quot;retina&quot;:{&quot;w&quot;:1366,&quot;h&quot;:712},&quot;medium_retina&quot;:{&quot;w&quot;:1366,&quot;h&quot;:1366},&quot;large_retina&quot;:{&quot;w&quot;:1920,&quot;h&quot;:307},&quot;xlarge_retina&quot;:{&quot;w&quot;:1920,&quot;h&quot;:307}}\" >\n\n              <h1 class=\"page-title\">TheGreenBow participe \u00e0 l&rsquo;European Cyber Week  2023 \u00e0 Rennes<\/h1>\n      \n    <\/div>\n\n  \n  \n  \n<\/section>\n\n\n<section class=\"block-grid-wrapper block-grid-for-core-paragraph\">\n      <div class=\"default-editor-content grid-for-core-paragraph grid-container\">\n        <div class=\"grid-x grid-padding-x align-center\">\n          <div class=\"cell\">\n            \n<p>TheGreenBow qui a rejoint le <a href=\"https:\/\/www.thegreenbow.com\/fr\/societe\/actualites\/thegreenbow-rejoint-le-pole-dexcellence-cyber\/\" target=\"_blank\" rel=\"noreferrer noopener\">Pole d&rsquo;Excellence Cyber<\/a> en d\u00e9but d&rsquo;ann\u00e9e, sera pr\u00e9sent avec un stand (<strong>#100<\/strong>) \u00e0 l&rsquo;European Cyber Week. <\/p>\n          <\/div>\n        <\/div>\n      <\/div>\n\n      <\/section>\n\n<section class=\"block-grid-wrapper block-grid-for-core-media-text\">\n      <div class=\"default-editor-content grid-for-core-media-text grid-container\">\n        <div class=\"grid-x grid-padding-x align-center\">\n          <div class=\"cell\">\n            \n<div class=\"wp-block-media-text alignwide is-stacked-on-mobile\" style=\"grid-template-columns:31% auto\"><figure class=\"wp-block-media-text__media\"><img loading=\"lazy\" decoding=\"async\" width=\"724\" height=\"1024\" src=\"https:\/\/www.thegreenbow.com\/wp-content\/uploads\/2023\/10\/Flyer-2023-724x1024.jpg\" alt=\"\" class=\"wp-image-16047 size-full\" srcset=\"https:\/\/www.thegreenbow.com\/wp-content\/uploads\/2023\/10\/Flyer-2023-724x1024.jpg 724w, https:\/\/www.thegreenbow.com\/wp-content\/uploads\/2023\/10\/Flyer-2023-212x300.jpg 212w, https:\/\/www.thegreenbow.com\/wp-content\/uploads\/2023\/10\/Flyer-2023-768x1086.jpg 768w, https:\/\/www.thegreenbow.com\/wp-content\/uploads\/2023\/10\/Flyer-2023-1086x1536.jpg 1086w, https:\/\/www.thegreenbow.com\/wp-content\/uploads\/2023\/10\/Flyer-2023-1449x2048.jpg 1449w, https:\/\/www.thegreenbow.com\/wp-content\/uploads\/2023\/10\/Flyer-2023-100x141.jpg 100w, https:\/\/www.thegreenbow.com\/wp-content\/uploads\/2023\/10\/Flyer-2023-scaled.jpg 1811w\" sizes=\"auto, (max-width: 724px) 100vw, 724px\" \/><\/figure><div class=\"wp-block-media-text__content\">\n<p>La huiti\u00e8me \u00e9dition de l&rsquo;ECW se tiendra au Couvent des Jacobins \u00e0 Rennes du 21 au 23 novembre prochain. Ev\u00e9nement de r\u00e9f\u00e9rence dans les domaines strat\u00e9giques de la cyberd\u00e9fense, de la cybers\u00e9curit\u00e9 et de l\u2019intelligence artificielle, cette \u00e9dition propose une nouvelle fois un programme riche : \u00a0tables-rondes, conf\u00e9rences, challenge CTF et pitchs de start-up et networking.<\/p>\n\n\n\n<p>Avec les nouvelles exigences apport\u00e9es par les r\u00e9glementations DORA et NIS2 concernant les prestataires IT, la<strong> cybers\u00e9curit\u00e9 de la Supply Chain <\/strong>fera l&rsquo;objet de conf\u00e9rence tout au long de la journ\u00e9e du jeudi 23 novembre.<\/p>\n\n\n\n<p>Venez discutez avec l&rsquo;\u00e9quipe TheGreenBow sur le stand <strong>#100 <\/strong>. Nous serons heureux d&rsquo;\u00e9changer sur vos projets et de vous pr\u00e9senter nos solutions pour prot\u00e9ger les acc\u00e8s distants \u00e0 votre SI.<\/p>\n<\/div><\/div>\n          <\/div>\n        <\/div>\n      <\/div>\n\n      <\/section>\n\n<section class=\"block-grid-wrapper block-grid-for-core-paragraph\">\n      <div class=\"default-editor-content grid-for-core-paragraph grid-container\">\n        <div class=\"grid-x grid-padding-x align-center\">\n          <div class=\"cell\">\n            \n<p><\/p>\n          <\/div>\n        <\/div>\n      <\/div>\n\n      <\/section>\n\n<section class=\"block-grid-wrapper block-grid-for-core-paragraph\">\n      <div class=\"default-editor-content grid-for-core-paragraph grid-container\">\n        <div class=\"grid-x grid-padding-x align-center\">\n          <div class=\"cell\">\n            \n<p><\/p>\n          <\/div>\n        <\/div>\n      <\/div>\n\n      <\/section>\n\n\n<div class=\"wp-block-columns is-layout-flex wp-container-core-columns-is-layout-9d6595d7 wp-block-columns-is-layout-flex\">\n<div class=\"wp-block-column is-layout-flow wp-block-column-is-layout-flow\" style=\"flex-basis:100%\">\n<div class=\"wp-block-buttons alignwide is-horizontal is-content-justification-center is-layout-flex wp-container-core-buttons-is-layout-499968f5 wp-block-buttons-is-layout-flex\">\n<div class=\"wp-block-button\"><a class=\"wp-block-button__link wp-element-button\" href=\"https:\/\/www.european-cyber-week.eu\/\" target=\"_blank\" rel=\"noreferrer noopener\">En savoir plus sur l&rsquo;ECW<\/a><\/div>\n<\/div>\n<\/div>\n<\/div>\n","protected":false},"excerpt":{"rendered":"<p>TheGreenBow qui a rejoint le Pole d&rsquo;Excellence Cyber en d\u00e9but d&rsquo;ann\u00e9e, sera pr\u00e9sent avec un stand (#100) \u00e0 l&rsquo;European Cyber Week. La huiti\u00e8me \u00e9dition de l&rsquo;ECW se tiendra au Couvent des Jacobins \u00e0 Rennes du 21 au 23 novembre prochain. Ev\u00e9nement de r\u00e9f\u00e9rence dans les domaines strat\u00e9giques de la cyberd\u00e9fense, de la cybers\u00e9curit\u00e9 et de [&hellip;]<\/p>\n","protected":false},"author":4,"featured_media":16051,"comment_status":"closed","ping_status":"0","sticky":true,"template":"","format":"standard","meta":{"_acf_changed":false,"resource_type":"internal","footnotes":""},"categories":[36],"tags":[],"class_list":["post-16046","post","type-post","status-publish","format-standard","has-post-thumbnail","hentry","category-evenement"],"acf":[],"yoast_head":"<!-- This site is optimized with the Yoast SEO plugin v27.4 - https:\/\/yoast.com\/product\/yoast-seo-wordpress\/ -->\n<title>TheGreenBow participe \u00e0 l&#039;European Cyber Week 2023 \u00e0 Rennes - TheGreenBow<\/title>\n<meta name=\"description\" content=\"TheGreenBow sera pr\u00e9sent \u00e0 l&#039;European Cyber Week 2023 (stand 211) les 21, 22 et 23 novembre \u00e0 Rennes, Couvent des Jacobins.\" \/>\n<meta name=\"robots\" content=\"index, follow, max-snippet:-1, max-image-preview:large, max-video-preview:-1\" \/>\n<link rel=\"canonical\" href=\"https:\/\/www.thegreenbow.com\/fr\/societe\/actualites\/thegreenbow-participe-a-leuropean-cyber-week-2023-a-rennes\/\" \/>\n<meta property=\"og:locale\" content=\"fr_FR\" \/>\n<meta property=\"og:type\" content=\"article\" \/>\n<meta property=\"og:title\" content=\"TheGreenBow participe \u00e0 l&#039;European Cyber Week 2023 \u00e0 Rennes - TheGreenBow\" \/>\n<meta property=\"og:description\" content=\"TheGreenBow sera pr\u00e9sent \u00e0 l&#039;European Cyber Week 2023 (stand 211) les 21, 22 et 23 novembre \u00e0 Rennes, Couvent des Jacobins.\" \/>\n<meta property=\"og:url\" content=\"https:\/\/www.thegreenbow.com\/fr\/societe\/actualites\/thegreenbow-participe-a-leuropean-cyber-week-2023-a-rennes\/\" \/>\n<meta property=\"og:site_name\" content=\"TheGreenBow\" \/>\n<meta property=\"article:published_time\" content=\"2023-10-19T09:02:13+00:00\" \/>\n<meta property=\"article:modified_time\" content=\"2023-10-19T09:08:52+00:00\" \/>\n<meta property=\"og:image\" content=\"https:\/\/www.thegreenbow.com\/wp-content\/uploads\/2023\/10\/Cyberweek_Identite_Visuelle_Logotype_by_CYBER_RVB.jpg\" \/>\n\t<meta property=\"og:image:width\" content=\"1618\" \/>\n\t<meta property=\"og:image:height\" content=\"1387\" \/>\n\t<meta property=\"og:image:type\" content=\"image\/jpeg\" \/>\n<meta name=\"author\" content=\"Arnaud Dufournet\" \/>\n<meta name=\"twitter:card\" content=\"summary_large_image\" \/>\n<meta name=\"twitter:creator\" content=\"@thegreenbow\" \/>\n<meta name=\"twitter:site\" content=\"@thegreenbow\" \/>\n<meta name=\"twitter:label1\" content=\"\u00c9crit par\" \/>\n\t<meta name=\"twitter:data1\" content=\"Arnaud Dufournet\" \/>\n\t<meta name=\"twitter:label2\" content=\"Dur\u00e9e de lecture estim\u00e9e\" \/>\n\t<meta name=\"twitter:data2\" content=\"1 minute\" \/>\n<script type=\"application\/ld+json\" class=\"yoast-schema-graph\">{\"@context\":\"https:\\\/\\\/schema.org\",\"@graph\":[{\"@type\":\"Article\",\"@id\":\"https:\\\/\\\/www.thegreenbow.com\\\/fr\\\/societe\\\/actualites\\\/thegreenbow-participe-a-leuropean-cyber-week-2023-a-rennes\\\/#article\",\"isPartOf\":{\"@id\":\"https:\\\/\\\/www.thegreenbow.com\\\/fr\\\/societe\\\/actualites\\\/thegreenbow-participe-a-leuropean-cyber-week-2023-a-rennes\\\/\"},\"author\":{\"name\":\"Arnaud Dufournet\",\"@id\":\"https:\\\/\\\/www.thegreenbow.com\\\/fr\\\/#\\\/schema\\\/person\\\/32a5ca8acb3718276dd3167983d61eba\"},\"headline\":\"TheGreenBow participe \u00e0 l&rsquo;European Cyber Week 2023 \u00e0 Rennes\",\"datePublished\":\"2023-10-19T09:02:13+00:00\",\"dateModified\":\"2023-10-19T09:08:52+00:00\",\"mainEntityOfPage\":{\"@id\":\"https:\\\/\\\/www.thegreenbow.com\\\/fr\\\/societe\\\/actualites\\\/thegreenbow-participe-a-leuropean-cyber-week-2023-a-rennes\\\/\"},\"wordCount\":173,\"publisher\":{\"@id\":\"https:\\\/\\\/www.thegreenbow.com\\\/fr\\\/#organization\"},\"image\":{\"@id\":\"https:\\\/\\\/www.thegreenbow.com\\\/fr\\\/societe\\\/actualites\\\/thegreenbow-participe-a-leuropean-cyber-week-2023-a-rennes\\\/#primaryimage\"},\"thumbnailUrl\":\"https:\\\/\\\/www.thegreenbow.com\\\/wp-content\\\/uploads\\\/2023\\\/10\\\/Cyberweek_Identite_Visuelle_Logotype_by_CYBER_RVB.jpg\",\"articleSection\":[\"Ev\u00e9nement\"],\"inLanguage\":\"fr-FR\"},{\"@type\":\"WebPage\",\"@id\":\"https:\\\/\\\/www.thegreenbow.com\\\/fr\\\/societe\\\/actualites\\\/thegreenbow-participe-a-leuropean-cyber-week-2023-a-rennes\\\/\",\"url\":\"https:\\\/\\\/www.thegreenbow.com\\\/fr\\\/societe\\\/actualites\\\/thegreenbow-participe-a-leuropean-cyber-week-2023-a-rennes\\\/\",\"name\":\"TheGreenBow participe \u00e0 l'European Cyber Week 2023 \u00e0 Rennes - TheGreenBow\",\"isPartOf\":{\"@id\":\"https:\\\/\\\/www.thegreenbow.com\\\/fr\\\/#website\"},\"primaryImageOfPage\":{\"@id\":\"https:\\\/\\\/www.thegreenbow.com\\\/fr\\\/societe\\\/actualites\\\/thegreenbow-participe-a-leuropean-cyber-week-2023-a-rennes\\\/#primaryimage\"},\"image\":{\"@id\":\"https:\\\/\\\/www.thegreenbow.com\\\/fr\\\/societe\\\/actualites\\\/thegreenbow-participe-a-leuropean-cyber-week-2023-a-rennes\\\/#primaryimage\"},\"thumbnailUrl\":\"https:\\\/\\\/www.thegreenbow.com\\\/wp-content\\\/uploads\\\/2023\\\/10\\\/Cyberweek_Identite_Visuelle_Logotype_by_CYBER_RVB.jpg\",\"datePublished\":\"2023-10-19T09:02:13+00:00\",\"dateModified\":\"2023-10-19T09:08:52+00:00\",\"description\":\"TheGreenBow sera pr\u00e9sent \u00e0 l'European Cyber Week 2023 (stand 211) les 21, 22 et 23 novembre \u00e0 Rennes, Couvent des Jacobins.\",\"breadcrumb\":{\"@id\":\"https:\\\/\\\/www.thegreenbow.com\\\/fr\\\/societe\\\/actualites\\\/thegreenbow-participe-a-leuropean-cyber-week-2023-a-rennes\\\/#breadcrumb\"},\"inLanguage\":\"fr-FR\",\"potentialAction\":[{\"@type\":\"ReadAction\",\"target\":[\"https:\\\/\\\/www.thegreenbow.com\\\/fr\\\/societe\\\/actualites\\\/thegreenbow-participe-a-leuropean-cyber-week-2023-a-rennes\\\/\"]}]},{\"@type\":\"ImageObject\",\"inLanguage\":\"fr-FR\",\"@id\":\"https:\\\/\\\/www.thegreenbow.com\\\/fr\\\/societe\\\/actualites\\\/thegreenbow-participe-a-leuropean-cyber-week-2023-a-rennes\\\/#primaryimage\",\"url\":\"https:\\\/\\\/www.thegreenbow.com\\\/wp-content\\\/uploads\\\/2023\\\/10\\\/Cyberweek_Identite_Visuelle_Logotype_by_CYBER_RVB.jpg\",\"contentUrl\":\"https:\\\/\\\/www.thegreenbow.com\\\/wp-content\\\/uploads\\\/2023\\\/10\\\/Cyberweek_Identite_Visuelle_Logotype_by_CYBER_RVB.jpg\",\"width\":1618,\"height\":1387},{\"@type\":\"BreadcrumbList\",\"@id\":\"https:\\\/\\\/www.thegreenbow.com\\\/fr\\\/societe\\\/actualites\\\/thegreenbow-participe-a-leuropean-cyber-week-2023-a-rennes\\\/#breadcrumb\",\"itemListElement\":[{\"@type\":\"ListItem\",\"position\":1,\"name\":\"Accueil\",\"item\":\"https:\\\/\\\/www.thegreenbow.com\\\/fr\\\/\"},{\"@type\":\"ListItem\",\"position\":2,\"name\":\"TheGreenBow participe \u00e0 l&rsquo;European Cyber Week 2023 \u00e0 Rennes\"}]},{\"@type\":\"WebSite\",\"@id\":\"https:\\\/\\\/www.thegreenbow.com\\\/fr\\\/#website\",\"url\":\"https:\\\/\\\/www.thegreenbow.com\\\/fr\\\/\",\"name\":\"TheGreenBow\",\"description\":\"\",\"publisher\":{\"@id\":\"https:\\\/\\\/www.thegreenbow.com\\\/fr\\\/#organization\"},\"potentialAction\":[{\"@type\":\"SearchAction\",\"target\":{\"@type\":\"EntryPoint\",\"urlTemplate\":\"https:\\\/\\\/www.thegreenbow.com\\\/fr\\\/?s={search_term_string}\"},\"query-input\":{\"@type\":\"PropertyValueSpecification\",\"valueRequired\":true,\"valueName\":\"search_term_string\"}}],\"inLanguage\":\"fr-FR\"},{\"@type\":\"Organization\",\"@id\":\"https:\\\/\\\/www.thegreenbow.com\\\/fr\\\/#organization\",\"name\":\"TheGreenBow\",\"url\":\"https:\\\/\\\/www.thegreenbow.com\\\/fr\\\/\",\"logo\":{\"@type\":\"ImageObject\",\"inLanguage\":\"fr-FR\",\"@id\":\"https:\\\/\\\/www.thegreenbow.com\\\/fr\\\/#\\\/schema\\\/logo\\\/image\\\/\",\"url\":\"https:\\\/\\\/www.thegreenbow.com\\\/wp-content\\\/uploads\\\/2021\\\/04\\\/Logotype@2x-min.png\",\"contentUrl\":\"https:\\\/\\\/www.thegreenbow.com\\\/wp-content\\\/uploads\\\/2021\\\/04\\\/Logotype@2x-min.png\",\"width\":422,\"height\":84,\"caption\":\"TheGreenBow\"},\"image\":{\"@id\":\"https:\\\/\\\/www.thegreenbow.com\\\/fr\\\/#\\\/schema\\\/logo\\\/image\\\/\"},\"sameAs\":[\"https:\\\/\\\/x.com\\\/thegreenbow\",\"https:\\\/\\\/fr.linkedin.com\\\/company\\\/thegreenbow\",\"https:\\\/\\\/www.youtube.com\\\/channel\\\/UCZKtI7_fmgFcmovgGSy8AnQ\"]},{\"@type\":\"Person\",\"@id\":\"https:\\\/\\\/www.thegreenbow.com\\\/fr\\\/#\\\/schema\\\/person\\\/32a5ca8acb3718276dd3167983d61eba\",\"name\":\"Arnaud Dufournet\"}]}<\/script>\n<!-- \/ Yoast SEO plugin. -->","yoast_head_json":{"title":"TheGreenBow participe \u00e0 l'European Cyber Week 2023 \u00e0 Rennes - TheGreenBow","description":"TheGreenBow sera pr\u00e9sent \u00e0 l'European Cyber Week 2023 (stand 211) les 21, 22 et 23 novembre \u00e0 Rennes, Couvent des Jacobins.","robots":{"index":"index","follow":"follow","max-snippet":"max-snippet:-1","max-image-preview":"max-image-preview:large","max-video-preview":"max-video-preview:-1"},"canonical":"https:\/\/www.thegreenbow.com\/fr\/societe\/actualites\/thegreenbow-participe-a-leuropean-cyber-week-2023-a-rennes\/","og_locale":"fr_FR","og_type":"article","og_title":"TheGreenBow participe \u00e0 l'European Cyber Week 2023 \u00e0 Rennes - TheGreenBow","og_description":"TheGreenBow sera pr\u00e9sent \u00e0 l'European Cyber Week 2023 (stand 211) les 21, 22 et 23 novembre \u00e0 Rennes, Couvent des Jacobins.","og_url":"https:\/\/www.thegreenbow.com\/fr\/societe\/actualites\/thegreenbow-participe-a-leuropean-cyber-week-2023-a-rennes\/","og_site_name":"TheGreenBow","article_published_time":"2023-10-19T09:02:13+00:00","article_modified_time":"2023-10-19T09:08:52+00:00","og_image":[{"width":1618,"height":1387,"url":"https:\/\/www.thegreenbow.com\/wp-content\/uploads\/2023\/10\/Cyberweek_Identite_Visuelle_Logotype_by_CYBER_RVB.jpg","type":"image\/jpeg"}],"author":"Arnaud Dufournet","twitter_card":"summary_large_image","twitter_creator":"@thegreenbow","twitter_site":"@thegreenbow","twitter_misc":{"\u00c9crit par":"Arnaud Dufournet","Dur\u00e9e de lecture estim\u00e9e":"1 minute"},"schema":{"@context":"https:\/\/schema.org","@graph":[{"@type":"Article","@id":"https:\/\/www.thegreenbow.com\/fr\/societe\/actualites\/thegreenbow-participe-a-leuropean-cyber-week-2023-a-rennes\/#article","isPartOf":{"@id":"https:\/\/www.thegreenbow.com\/fr\/societe\/actualites\/thegreenbow-participe-a-leuropean-cyber-week-2023-a-rennes\/"},"author":{"name":"Arnaud Dufournet","@id":"https:\/\/www.thegreenbow.com\/fr\/#\/schema\/person\/32a5ca8acb3718276dd3167983d61eba"},"headline":"TheGreenBow participe \u00e0 l&rsquo;European Cyber Week 2023 \u00e0 Rennes","datePublished":"2023-10-19T09:02:13+00:00","dateModified":"2023-10-19T09:08:52+00:00","mainEntityOfPage":{"@id":"https:\/\/www.thegreenbow.com\/fr\/societe\/actualites\/thegreenbow-participe-a-leuropean-cyber-week-2023-a-rennes\/"},"wordCount":173,"publisher":{"@id":"https:\/\/www.thegreenbow.com\/fr\/#organization"},"image":{"@id":"https:\/\/www.thegreenbow.com\/fr\/societe\/actualites\/thegreenbow-participe-a-leuropean-cyber-week-2023-a-rennes\/#primaryimage"},"thumbnailUrl":"https:\/\/www.thegreenbow.com\/wp-content\/uploads\/2023\/10\/Cyberweek_Identite_Visuelle_Logotype_by_CYBER_RVB.jpg","articleSection":["Ev\u00e9nement"],"inLanguage":"fr-FR"},{"@type":"WebPage","@id":"https:\/\/www.thegreenbow.com\/fr\/societe\/actualites\/thegreenbow-participe-a-leuropean-cyber-week-2023-a-rennes\/","url":"https:\/\/www.thegreenbow.com\/fr\/societe\/actualites\/thegreenbow-participe-a-leuropean-cyber-week-2023-a-rennes\/","name":"TheGreenBow participe \u00e0 l'European Cyber Week 2023 \u00e0 Rennes - TheGreenBow","isPartOf":{"@id":"https:\/\/www.thegreenbow.com\/fr\/#website"},"primaryImageOfPage":{"@id":"https:\/\/www.thegreenbow.com\/fr\/societe\/actualites\/thegreenbow-participe-a-leuropean-cyber-week-2023-a-rennes\/#primaryimage"},"image":{"@id":"https:\/\/www.thegreenbow.com\/fr\/societe\/actualites\/thegreenbow-participe-a-leuropean-cyber-week-2023-a-rennes\/#primaryimage"},"thumbnailUrl":"https:\/\/www.thegreenbow.com\/wp-content\/uploads\/2023\/10\/Cyberweek_Identite_Visuelle_Logotype_by_CYBER_RVB.jpg","datePublished":"2023-10-19T09:02:13+00:00","dateModified":"2023-10-19T09:08:52+00:00","description":"TheGreenBow sera pr\u00e9sent \u00e0 l'European Cyber Week 2023 (stand 211) les 21, 22 et 23 novembre \u00e0 Rennes, Couvent des Jacobins.","breadcrumb":{"@id":"https:\/\/www.thegreenbow.com\/fr\/societe\/actualites\/thegreenbow-participe-a-leuropean-cyber-week-2023-a-rennes\/#breadcrumb"},"inLanguage":"fr-FR","potentialAction":[{"@type":"ReadAction","target":["https:\/\/www.thegreenbow.com\/fr\/societe\/actualites\/thegreenbow-participe-a-leuropean-cyber-week-2023-a-rennes\/"]}]},{"@type":"ImageObject","inLanguage":"fr-FR","@id":"https:\/\/www.thegreenbow.com\/fr\/societe\/actualites\/thegreenbow-participe-a-leuropean-cyber-week-2023-a-rennes\/#primaryimage","url":"https:\/\/www.thegreenbow.com\/wp-content\/uploads\/2023\/10\/Cyberweek_Identite_Visuelle_Logotype_by_CYBER_RVB.jpg","contentUrl":"https:\/\/www.thegreenbow.com\/wp-content\/uploads\/2023\/10\/Cyberweek_Identite_Visuelle_Logotype_by_CYBER_RVB.jpg","width":1618,"height":1387},{"@type":"BreadcrumbList","@id":"https:\/\/www.thegreenbow.com\/fr\/societe\/actualites\/thegreenbow-participe-a-leuropean-cyber-week-2023-a-rennes\/#breadcrumb","itemListElement":[{"@type":"ListItem","position":1,"name":"Accueil","item":"https:\/\/www.thegreenbow.com\/fr\/"},{"@type":"ListItem","position":2,"name":"TheGreenBow participe \u00e0 l&rsquo;European Cyber Week 2023 \u00e0 Rennes"}]},{"@type":"WebSite","@id":"https:\/\/www.thegreenbow.com\/fr\/#website","url":"https:\/\/www.thegreenbow.com\/fr\/","name":"TheGreenBow","description":"","publisher":{"@id":"https:\/\/www.thegreenbow.com\/fr\/#organization"},"potentialAction":[{"@type":"SearchAction","target":{"@type":"EntryPoint","urlTemplate":"https:\/\/www.thegreenbow.com\/fr\/?s={search_term_string}"},"query-input":{"@type":"PropertyValueSpecification","valueRequired":true,"valueName":"search_term_string"}}],"inLanguage":"fr-FR"},{"@type":"Organization","@id":"https:\/\/www.thegreenbow.com\/fr\/#organization","name":"TheGreenBow","url":"https:\/\/www.thegreenbow.com\/fr\/","logo":{"@type":"ImageObject","inLanguage":"fr-FR","@id":"https:\/\/www.thegreenbow.com\/fr\/#\/schema\/logo\/image\/","url":"https:\/\/www.thegreenbow.com\/wp-content\/uploads\/2021\/04\/Logotype@2x-min.png","contentUrl":"https:\/\/www.thegreenbow.com\/wp-content\/uploads\/2021\/04\/Logotype@2x-min.png","width":422,"height":84,"caption":"TheGreenBow"},"image":{"@id":"https:\/\/www.thegreenbow.com\/fr\/#\/schema\/logo\/image\/"},"sameAs":["https:\/\/x.com\/thegreenbow","https:\/\/fr.linkedin.com\/company\/thegreenbow","https:\/\/www.youtube.com\/channel\/UCZKtI7_fmgFcmovgGSy8AnQ"]},{"@type":"Person","@id":"https:\/\/www.thegreenbow.com\/fr\/#\/schema\/person\/32a5ca8acb3718276dd3167983d61eba","name":"Arnaud Dufournet"}]}},"_links":{"self":[{"href":"https:\/\/www.thegreenbow.com\/fr\/wp-json\/wp\/v2\/posts\/16046","targetHints":{"allow":["GET"]}}],"collection":[{"href":"https:\/\/www.thegreenbow.com\/fr\/wp-json\/wp\/v2\/posts"}],"about":[{"href":"https:\/\/www.thegreenbow.com\/fr\/wp-json\/wp\/v2\/types\/post"}],"author":[{"embeddable":true,"href":"https:\/\/www.thegreenbow.com\/fr\/wp-json\/wp\/v2\/users\/4"}],"replies":[{"embeddable":true,"href":"https:\/\/www.thegreenbow.com\/fr\/wp-json\/wp\/v2\/comments?post=16046"}],"version-history":[{"count":4,"href":"https:\/\/www.thegreenbow.com\/fr\/wp-json\/wp\/v2\/posts\/16046\/revisions"}],"predecessor-version":[{"id":16059,"href":"https:\/\/www.thegreenbow.com\/fr\/wp-json\/wp\/v2\/posts\/16046\/revisions\/16059"}],"wp:featuredmedia":[{"embeddable":true,"href":"https:\/\/www.thegreenbow.com\/fr\/wp-json\/wp\/v2\/media\/16051"}],"wp:attachment":[{"href":"https:\/\/www.thegreenbow.com\/fr\/wp-json\/wp\/v2\/media?parent=16046"}],"wp:term":[{"taxonomy":"category","embeddable":true,"href":"https:\/\/www.thegreenbow.com\/fr\/wp-json\/wp\/v2\/categories?post=16046"},{"taxonomy":"post_tag","embeddable":true,"href":"https:\/\/www.thegreenbow.com\/fr\/wp-json\/wp\/v2\/tags?post=16046"}],"curies":[{"name":"wp","href":"https:\/\/api.w.org\/{rel}","templated":true}]}}