{"id":16669,"date":"2024-05-07T10:45:55","date_gmt":"2024-05-07T08:45:55","guid":{"rendered":"https:\/\/www.thegreenbow.com\/?p=16669"},"modified":"2025-10-14T10:26:16","modified_gmt":"2025-10-14T08:26:16","slug":"thegreenbow-participe-a-la-premiere-edition-du-paris-cyber-show","status":"publish","type":"post","link":"https:\/\/www.thegreenbow.com\/fr\/societe\/actualites\/thegreenbow-participe-a-la-premiere-edition-du-paris-cyber-show\/","title":{"rendered":"TheGreenBow participe \u00e0 la premi\u00e8re \u00e9dition du Cyber Show Paris"},"content":{"rendered":"\n<section  class=\"wp-block-acf-news-page-banner is-style-variation-single-news-banner post\" >\n  \n    <div class=\"section-content section-banner has-white-color img-align-bottom img-align-center\"  data-interchange=\"[https:\/\/www.thegreenbow.com\/wp-content\/uploads\/2021\/05\/thegreenbow-header-actualite-min-768x400.jpg, small], [https:\/\/www.thegreenbow.com\/wp-content\/uploads\/2021\/05\/thegreenbow-header-actualite-min-1024x1024.jpg, medium], [https:\/\/www.thegreenbow.com\/wp-content\/uploads\/2021\/05\/thegreenbow-header-actualite-min-1366x218.jpg, large], [https:\/\/www.thegreenbow.com\/wp-content\/uploads\/2021\/05\/thegreenbow-header-actualite-min.jpg, xlarge], [https:\/\/www.thegreenbow.com\/wp-content\/uploads\/2021\/05\/thegreenbow-header-actualite-min-1366x712.jpg, retina], [https:\/\/www.thegreenbow.com\/wp-content\/uploads\/2021\/05\/thegreenbow-header-actualite-min-1366x1366.jpg, medium_retina], [https:\/\/www.thegreenbow.com\/wp-content\/uploads\/2021\/05\/thegreenbow-header-actualite-min.jpg, large_retina]\" data-interchange-sizes=\"{&quot;small&quot;:{&quot;w&quot;:768,&quot;h&quot;:400},&quot;medium&quot;:{&quot;w&quot;:1024,&quot;h&quot;:1024},&quot;large&quot;:{&quot;w&quot;:1366,&quot;h&quot;:218},&quot;xlarge&quot;:{&quot;w&quot;:1920,&quot;h&quot;:307},&quot;retina&quot;:{&quot;w&quot;:1366,&quot;h&quot;:712},&quot;medium_retina&quot;:{&quot;w&quot;:1366,&quot;h&quot;:1366},&quot;large_retina&quot;:{&quot;w&quot;:1920,&quot;h&quot;:307},&quot;xlarge_retina&quot;:{&quot;w&quot;:1920,&quot;h&quot;:307}}\" >\n\n              <h1 class=\"page-title\">TheGreenBow participe \u00e0 la premi\u00e8re \u00e9dition du Cyber Show Paris<\/h1>\n      \n    <\/div>\n\n  \n  \n  \n<\/section>\n\n\n<section class=\"block-grid-wrapper block-grid-for-core-image\">\n      <div class=\"default-editor-content grid-for-core-image grid-container\">\n        <div class=\"grid-x grid-padding-x align-center\">\n          <div class=\"cell\">\n            \n<figure class=\"wp-block-image size-large\"><img loading=\"lazy\" decoding=\"async\" width=\"1024\" height=\"273\" src=\"https:\/\/www.thegreenbow.com\/wp-content\/uploads\/2024\/05\/1563x417-1024x273.jpg\" alt=\"\" class=\"wp-image-16671\" srcset=\"https:\/\/www.thegreenbow.com\/wp-content\/uploads\/2024\/05\/1563x417-1024x273.jpg 1024w, https:\/\/www.thegreenbow.com\/wp-content\/uploads\/2024\/05\/1563x417-300x80.jpg 300w, https:\/\/www.thegreenbow.com\/wp-content\/uploads\/2024\/05\/1563x417-768x205.jpg 768w, https:\/\/www.thegreenbow.com\/wp-content\/uploads\/2024\/05\/1563x417-1536x410.jpg 1536w, https:\/\/www.thegreenbow.com\/wp-content\/uploads\/2024\/05\/1563x417-100x27.jpg 100w, https:\/\/www.thegreenbow.com\/wp-content\/uploads\/2024\/05\/1563x417.jpg 1563w\" sizes=\"auto, (max-width: 1024px) 100vw, 1024px\" \/><\/figure>\n          <\/div>\n        <\/div>\n      <\/div>\n\n      <\/section>\n\n<section class=\"block-grid-wrapper block-grid-for-core-paragraph\">\n      <div class=\"default-editor-content grid-for-core-paragraph grid-container\">\n        <div class=\"grid-x grid-padding-x align-center\">\n          <div class=\"cell\">\n            \n<p>Il manquait \u00e0 la r\u00e9gion parisienne un \u00e9v\u00e9nement majeur d\u00e9di\u00e9 \u00e0 la cybers\u00e9curit\u00e9. Ce vide est d\u00e9sormais combl\u00e9 ! Entre le Forum inCyber de Lille et les Assises de Monaco, se trouvera maintenant sur cet axe nord-sud un nouveau rendez-vous pour les professionnels de la cybers\u00e9curit\u00e9\u00a0: le<strong> Cyber Show<\/strong> <strong>Paris<\/strong>.<\/p>\n          <\/div>\n        <\/div>\n      <\/div>\n\n      <\/section>\n\n<section class=\"block-grid-wrapper block-grid-for-core-paragraph\">\n      <div class=\"default-editor-content grid-for-core-paragraph grid-container\">\n        <div class=\"grid-x grid-padding-x align-center\">\n          <div class=\"cell\">\n            \n<p>Au programme de ce nouveau salon qui ouvrira ses portes du<strong> 29 au 30 mai \u00e0 l\u2019Espace Champerret&nbsp;<\/strong>: espace de d\u00e9monstration, tables rondes et conf\u00e9rences et rencontres business. Une centaine d\u2019exposants a r\u00e9pond pr\u00e9sent pour cette premi\u00e8re \u00e9dition dont les ambitions en termes de fr\u00e9quentation sont tr\u00e8s \u00e9lev\u00e9es.&nbsp;Les organisateurs attendent en effet pr\u00e8s de 6&nbsp;000 visiteurs !<\/p>\n          <\/div>\n        <\/div>\n      <\/div>\n\n      <\/section>\n\n<section class=\"block-grid-wrapper block-grid-for-core-paragraph\">\n      <div class=\"default-editor-content grid-for-core-paragraph grid-container\">\n        <div class=\"grid-x grid-padding-x align-center\">\n          <div class=\"cell\">\n            \n<p>L\u2019\u00e9quipe TheGreenBow se r\u00e9jouit de vous retrouver pour ce nouvel \u00e9v\u00e9nement et aura le plaisir de vous accueillir sur son stand <strong>#75<\/strong>.<\/p>\n          <\/div>\n        <\/div>\n      <\/div>\n\n      <\/section>\n\n<section class=\"block-grid-wrapper block-grid-for-core-paragraph\">\n      <div class=\"default-editor-content grid-for-core-paragraph grid-container\">\n        <div class=\"grid-x grid-padding-x align-center\">\n          <div class=\"cell\">\n            \n<p><\/p>\n          <\/div>\n        <\/div>\n      <\/div>\n\n      <\/section>\n\n<section class=\"block-grid-wrapper block-grid-for-core-buttons\">\n      <div class=\"default-editor-content grid-for-core-buttons grid-container\">\n        <div class=\"grid-x grid-padding-x align-center\">\n          <div class=\"cell\">\n            \n<div class=\"wp-block-buttons is-layout-flex wp-block-buttons-is-layout-flex\">\n<div class=\"wp-block-button aligncenter\"><a class=\"wp-block-button__link wp-element-button\" href=\"https:\/\/www.cybershowparis.fr\/page\/accueil\/\" target=\"_blank\" rel=\"noreferrer noopener\">S&rsquo;inscrire \u00e0 l&rsquo;\u00e9v\u00e9nement<\/a><\/div>\n<\/div>\n          <\/div>\n        <\/div>\n      <\/div>\n\n      <\/section>","protected":false},"excerpt":{"rendered":"<p>Il manquait \u00e0 la r\u00e9gion parisienne un \u00e9v\u00e9nement majeur d\u00e9di\u00e9 \u00e0 la cybers\u00e9curit\u00e9. Ce vide est d\u00e9sormais combl\u00e9 ! Entre le Forum inCyber de Lille et les Assises de Monaco, se trouvera maintenant sur cet axe nord-sud un nouveau rendez-vous pour les professionnels de la cybers\u00e9curit\u00e9\u00a0: le Cyber Show Paris. Au programme de ce nouveau [&hellip;]<\/p>\n","protected":false},"author":4,"featured_media":16676,"comment_status":"closed","ping_status":"closed","sticky":false,"template":"","format":"standard","meta":{"_acf_changed":false,"resource_type":"internal","footnotes":""},"categories":[36],"tags":[],"class_list":["post-16669","post","type-post","status-publish","format-standard","has-post-thumbnail","hentry","category-evenement"],"acf":[],"yoast_head":"<!-- This site is optimized with the Yoast SEO plugin v27.4 - https:\/\/yoast.com\/product\/yoast-seo-wordpress\/ -->\n<title>TheGreenBow participe \u00e0 la premi\u00e8re \u00e9dition du Cyber Show Paris - TheGreenBow<\/title>\n<meta name=\"robots\" content=\"index, follow, max-snippet:-1, max-image-preview:large, max-video-preview:-1\" \/>\n<link rel=\"canonical\" href=\"https:\/\/www.thegreenbow.com\/fr\/societe\/actualites\/thegreenbow-participe-a-la-premiere-edition-du-paris-cyber-show\/\" \/>\n<meta property=\"og:locale\" content=\"fr_FR\" \/>\n<meta property=\"og:type\" content=\"article\" \/>\n<meta property=\"og:title\" content=\"TheGreenBow participe \u00e0 la premi\u00e8re \u00e9dition du Cyber Show Paris - TheGreenBow\" \/>\n<meta property=\"og:description\" content=\"Il manquait \u00e0 la r\u00e9gion parisienne un \u00e9v\u00e9nement majeur d\u00e9di\u00e9 \u00e0 la cybers\u00e9curit\u00e9. Ce vide est d\u00e9sormais combl\u00e9 ! Entre le Forum inCyber de Lille et les Assises de Monaco, se trouvera maintenant sur cet axe nord-sud un nouveau rendez-vous pour les professionnels de la cybers\u00e9curit\u00e9\u00a0: le Cyber Show Paris. Au programme de ce nouveau [&hellip;]\" \/>\n<meta property=\"og:url\" content=\"https:\/\/www.thegreenbow.com\/fr\/societe\/actualites\/thegreenbow-participe-a-la-premiere-edition-du-paris-cyber-show\/\" \/>\n<meta property=\"og:site_name\" content=\"TheGreenBow\" \/>\n<meta property=\"article:published_time\" content=\"2024-05-07T08:45:55+00:00\" \/>\n<meta property=\"article:modified_time\" content=\"2025-10-14T08:26:16+00:00\" \/>\n<meta property=\"og:image\" content=\"https:\/\/www.thegreenbow.com\/wp-content\/uploads\/2024\/05\/CYBER-PARIS-SHOW-VERTICAL-FOND-CLAIR-SEUL.jpg\" \/>\n\t<meta property=\"og:image:width\" content=\"1542\" \/>\n\t<meta property=\"og:image:height\" content=\"879\" \/>\n\t<meta property=\"og:image:type\" content=\"image\/jpeg\" \/>\n<meta name=\"author\" content=\"Arnaud Dufournet\" \/>\n<meta name=\"twitter:card\" content=\"summary_large_image\" \/>\n<meta name=\"twitter:creator\" content=\"@thegreenbow\" \/>\n<meta name=\"twitter:site\" content=\"@thegreenbow\" \/>\n<meta name=\"twitter:label1\" content=\"\u00c9crit par\" \/>\n\t<meta name=\"twitter:data1\" content=\"Arnaud Dufournet\" \/>\n\t<meta name=\"twitter:label2\" content=\"Dur\u00e9e de lecture estim\u00e9e\" \/>\n\t<meta name=\"twitter:data2\" content=\"1 minute\" \/>\n<script type=\"application\/ld+json\" class=\"yoast-schema-graph\">{\"@context\":\"https:\\\/\\\/schema.org\",\"@graph\":[{\"@type\":\"Article\",\"@id\":\"https:\\\/\\\/www.thegreenbow.com\\\/fr\\\/societe\\\/actualites\\\/thegreenbow-participe-a-la-premiere-edition-du-paris-cyber-show\\\/#article\",\"isPartOf\":{\"@id\":\"https:\\\/\\\/www.thegreenbow.com\\\/fr\\\/societe\\\/actualites\\\/thegreenbow-participe-a-la-premiere-edition-du-paris-cyber-show\\\/\"},\"author\":{\"name\":\"Arnaud Dufournet\",\"@id\":\"https:\\\/\\\/www.thegreenbow.com\\\/fr\\\/#\\\/schema\\\/person\\\/32a5ca8acb3718276dd3167983d61eba\"},\"headline\":\"TheGreenBow participe \u00e0 la premi\u00e8re \u00e9dition du Cyber Show Paris\",\"datePublished\":\"2024-05-07T08:45:55+00:00\",\"dateModified\":\"2025-10-14T08:26:16+00:00\",\"mainEntityOfPage\":{\"@id\":\"https:\\\/\\\/www.thegreenbow.com\\\/fr\\\/societe\\\/actualites\\\/thegreenbow-participe-a-la-premiere-edition-du-paris-cyber-show\\\/\"},\"wordCount\":159,\"publisher\":{\"@id\":\"https:\\\/\\\/www.thegreenbow.com\\\/fr\\\/#organization\"},\"image\":{\"@id\":\"https:\\\/\\\/www.thegreenbow.com\\\/fr\\\/societe\\\/actualites\\\/thegreenbow-participe-a-la-premiere-edition-du-paris-cyber-show\\\/#primaryimage\"},\"thumbnailUrl\":\"https:\\\/\\\/www.thegreenbow.com\\\/wp-content\\\/uploads\\\/2024\\\/05\\\/CYBER-PARIS-SHOW-VERTICAL-FOND-CLAIR-SEUL.jpg\",\"articleSection\":[\"Ev\u00e9nement\"],\"inLanguage\":\"fr-FR\"},{\"@type\":\"WebPage\",\"@id\":\"https:\\\/\\\/www.thegreenbow.com\\\/fr\\\/societe\\\/actualites\\\/thegreenbow-participe-a-la-premiere-edition-du-paris-cyber-show\\\/\",\"url\":\"https:\\\/\\\/www.thegreenbow.com\\\/fr\\\/societe\\\/actualites\\\/thegreenbow-participe-a-la-premiere-edition-du-paris-cyber-show\\\/\",\"name\":\"TheGreenBow participe \u00e0 la premi\u00e8re \u00e9dition du Cyber Show Paris - TheGreenBow\",\"isPartOf\":{\"@id\":\"https:\\\/\\\/www.thegreenbow.com\\\/fr\\\/#website\"},\"primaryImageOfPage\":{\"@id\":\"https:\\\/\\\/www.thegreenbow.com\\\/fr\\\/societe\\\/actualites\\\/thegreenbow-participe-a-la-premiere-edition-du-paris-cyber-show\\\/#primaryimage\"},\"image\":{\"@id\":\"https:\\\/\\\/www.thegreenbow.com\\\/fr\\\/societe\\\/actualites\\\/thegreenbow-participe-a-la-premiere-edition-du-paris-cyber-show\\\/#primaryimage\"},\"thumbnailUrl\":\"https:\\\/\\\/www.thegreenbow.com\\\/wp-content\\\/uploads\\\/2024\\\/05\\\/CYBER-PARIS-SHOW-VERTICAL-FOND-CLAIR-SEUL.jpg\",\"datePublished\":\"2024-05-07T08:45:55+00:00\",\"dateModified\":\"2025-10-14T08:26:16+00:00\",\"breadcrumb\":{\"@id\":\"https:\\\/\\\/www.thegreenbow.com\\\/fr\\\/societe\\\/actualites\\\/thegreenbow-participe-a-la-premiere-edition-du-paris-cyber-show\\\/#breadcrumb\"},\"inLanguage\":\"fr-FR\",\"potentialAction\":[{\"@type\":\"ReadAction\",\"target\":[\"https:\\\/\\\/www.thegreenbow.com\\\/fr\\\/societe\\\/actualites\\\/thegreenbow-participe-a-la-premiere-edition-du-paris-cyber-show\\\/\"]}]},{\"@type\":\"ImageObject\",\"inLanguage\":\"fr-FR\",\"@id\":\"https:\\\/\\\/www.thegreenbow.com\\\/fr\\\/societe\\\/actualites\\\/thegreenbow-participe-a-la-premiere-edition-du-paris-cyber-show\\\/#primaryimage\",\"url\":\"https:\\\/\\\/www.thegreenbow.com\\\/wp-content\\\/uploads\\\/2024\\\/05\\\/CYBER-PARIS-SHOW-VERTICAL-FOND-CLAIR-SEUL.jpg\",\"contentUrl\":\"https:\\\/\\\/www.thegreenbow.com\\\/wp-content\\\/uploads\\\/2024\\\/05\\\/CYBER-PARIS-SHOW-VERTICAL-FOND-CLAIR-SEUL.jpg\",\"width\":1542,\"height\":879},{\"@type\":\"BreadcrumbList\",\"@id\":\"https:\\\/\\\/www.thegreenbow.com\\\/fr\\\/societe\\\/actualites\\\/thegreenbow-participe-a-la-premiere-edition-du-paris-cyber-show\\\/#breadcrumb\",\"itemListElement\":[{\"@type\":\"ListItem\",\"position\":1,\"name\":\"Accueil\",\"item\":\"https:\\\/\\\/www.thegreenbow.com\\\/fr\\\/\"},{\"@type\":\"ListItem\",\"position\":2,\"name\":\"TheGreenBow participe \u00e0 la premi\u00e8re \u00e9dition du Cyber Show Paris\"}]},{\"@type\":\"WebSite\",\"@id\":\"https:\\\/\\\/www.thegreenbow.com\\\/fr\\\/#website\",\"url\":\"https:\\\/\\\/www.thegreenbow.com\\\/fr\\\/\",\"name\":\"TheGreenBow\",\"description\":\"\",\"publisher\":{\"@id\":\"https:\\\/\\\/www.thegreenbow.com\\\/fr\\\/#organization\"},\"potentialAction\":[{\"@type\":\"SearchAction\",\"target\":{\"@type\":\"EntryPoint\",\"urlTemplate\":\"https:\\\/\\\/www.thegreenbow.com\\\/fr\\\/?s={search_term_string}\"},\"query-input\":{\"@type\":\"PropertyValueSpecification\",\"valueRequired\":true,\"valueName\":\"search_term_string\"}}],\"inLanguage\":\"fr-FR\"},{\"@type\":\"Organization\",\"@id\":\"https:\\\/\\\/www.thegreenbow.com\\\/fr\\\/#organization\",\"name\":\"TheGreenBow\",\"url\":\"https:\\\/\\\/www.thegreenbow.com\\\/fr\\\/\",\"logo\":{\"@type\":\"ImageObject\",\"inLanguage\":\"fr-FR\",\"@id\":\"https:\\\/\\\/www.thegreenbow.com\\\/fr\\\/#\\\/schema\\\/logo\\\/image\\\/\",\"url\":\"https:\\\/\\\/www.thegreenbow.com\\\/wp-content\\\/uploads\\\/2021\\\/04\\\/Logotype@2x-min.png\",\"contentUrl\":\"https:\\\/\\\/www.thegreenbow.com\\\/wp-content\\\/uploads\\\/2021\\\/04\\\/Logotype@2x-min.png\",\"width\":422,\"height\":84,\"caption\":\"TheGreenBow\"},\"image\":{\"@id\":\"https:\\\/\\\/www.thegreenbow.com\\\/fr\\\/#\\\/schema\\\/logo\\\/image\\\/\"},\"sameAs\":[\"https:\\\/\\\/x.com\\\/thegreenbow\",\"https:\\\/\\\/fr.linkedin.com\\\/company\\\/thegreenbow\",\"https:\\\/\\\/www.youtube.com\\\/channel\\\/UCZKtI7_fmgFcmovgGSy8AnQ\"]},{\"@type\":\"Person\",\"@id\":\"https:\\\/\\\/www.thegreenbow.com\\\/fr\\\/#\\\/schema\\\/person\\\/32a5ca8acb3718276dd3167983d61eba\",\"name\":\"Arnaud Dufournet\"}]}<\/script>\n<!-- \/ Yoast SEO plugin. -->","yoast_head_json":{"title":"TheGreenBow participe \u00e0 la premi\u00e8re \u00e9dition du Cyber Show Paris - TheGreenBow","robots":{"index":"index","follow":"follow","max-snippet":"max-snippet:-1","max-image-preview":"max-image-preview:large","max-video-preview":"max-video-preview:-1"},"canonical":"https:\/\/www.thegreenbow.com\/fr\/societe\/actualites\/thegreenbow-participe-a-la-premiere-edition-du-paris-cyber-show\/","og_locale":"fr_FR","og_type":"article","og_title":"TheGreenBow participe \u00e0 la premi\u00e8re \u00e9dition du Cyber Show Paris - TheGreenBow","og_description":"Il manquait \u00e0 la r\u00e9gion parisienne un \u00e9v\u00e9nement majeur d\u00e9di\u00e9 \u00e0 la cybers\u00e9curit\u00e9. Ce vide est d\u00e9sormais combl\u00e9 ! Entre le Forum inCyber de Lille et les Assises de Monaco, se trouvera maintenant sur cet axe nord-sud un nouveau rendez-vous pour les professionnels de la cybers\u00e9curit\u00e9\u00a0: le Cyber Show Paris. Au programme de ce nouveau [&hellip;]","og_url":"https:\/\/www.thegreenbow.com\/fr\/societe\/actualites\/thegreenbow-participe-a-la-premiere-edition-du-paris-cyber-show\/","og_site_name":"TheGreenBow","article_published_time":"2024-05-07T08:45:55+00:00","article_modified_time":"2025-10-14T08:26:16+00:00","og_image":[{"width":1542,"height":879,"url":"https:\/\/www.thegreenbow.com\/wp-content\/uploads\/2024\/05\/CYBER-PARIS-SHOW-VERTICAL-FOND-CLAIR-SEUL.jpg","type":"image\/jpeg"}],"author":"Arnaud Dufournet","twitter_card":"summary_large_image","twitter_creator":"@thegreenbow","twitter_site":"@thegreenbow","twitter_misc":{"\u00c9crit par":"Arnaud Dufournet","Dur\u00e9e de lecture estim\u00e9e":"1 minute"},"schema":{"@context":"https:\/\/schema.org","@graph":[{"@type":"Article","@id":"https:\/\/www.thegreenbow.com\/fr\/societe\/actualites\/thegreenbow-participe-a-la-premiere-edition-du-paris-cyber-show\/#article","isPartOf":{"@id":"https:\/\/www.thegreenbow.com\/fr\/societe\/actualites\/thegreenbow-participe-a-la-premiere-edition-du-paris-cyber-show\/"},"author":{"name":"Arnaud Dufournet","@id":"https:\/\/www.thegreenbow.com\/fr\/#\/schema\/person\/32a5ca8acb3718276dd3167983d61eba"},"headline":"TheGreenBow participe \u00e0 la premi\u00e8re \u00e9dition du Cyber Show Paris","datePublished":"2024-05-07T08:45:55+00:00","dateModified":"2025-10-14T08:26:16+00:00","mainEntityOfPage":{"@id":"https:\/\/www.thegreenbow.com\/fr\/societe\/actualites\/thegreenbow-participe-a-la-premiere-edition-du-paris-cyber-show\/"},"wordCount":159,"publisher":{"@id":"https:\/\/www.thegreenbow.com\/fr\/#organization"},"image":{"@id":"https:\/\/www.thegreenbow.com\/fr\/societe\/actualites\/thegreenbow-participe-a-la-premiere-edition-du-paris-cyber-show\/#primaryimage"},"thumbnailUrl":"https:\/\/www.thegreenbow.com\/wp-content\/uploads\/2024\/05\/CYBER-PARIS-SHOW-VERTICAL-FOND-CLAIR-SEUL.jpg","articleSection":["Ev\u00e9nement"],"inLanguage":"fr-FR"},{"@type":"WebPage","@id":"https:\/\/www.thegreenbow.com\/fr\/societe\/actualites\/thegreenbow-participe-a-la-premiere-edition-du-paris-cyber-show\/","url":"https:\/\/www.thegreenbow.com\/fr\/societe\/actualites\/thegreenbow-participe-a-la-premiere-edition-du-paris-cyber-show\/","name":"TheGreenBow participe \u00e0 la premi\u00e8re \u00e9dition du Cyber Show Paris - TheGreenBow","isPartOf":{"@id":"https:\/\/www.thegreenbow.com\/fr\/#website"},"primaryImageOfPage":{"@id":"https:\/\/www.thegreenbow.com\/fr\/societe\/actualites\/thegreenbow-participe-a-la-premiere-edition-du-paris-cyber-show\/#primaryimage"},"image":{"@id":"https:\/\/www.thegreenbow.com\/fr\/societe\/actualites\/thegreenbow-participe-a-la-premiere-edition-du-paris-cyber-show\/#primaryimage"},"thumbnailUrl":"https:\/\/www.thegreenbow.com\/wp-content\/uploads\/2024\/05\/CYBER-PARIS-SHOW-VERTICAL-FOND-CLAIR-SEUL.jpg","datePublished":"2024-05-07T08:45:55+00:00","dateModified":"2025-10-14T08:26:16+00:00","breadcrumb":{"@id":"https:\/\/www.thegreenbow.com\/fr\/societe\/actualites\/thegreenbow-participe-a-la-premiere-edition-du-paris-cyber-show\/#breadcrumb"},"inLanguage":"fr-FR","potentialAction":[{"@type":"ReadAction","target":["https:\/\/www.thegreenbow.com\/fr\/societe\/actualites\/thegreenbow-participe-a-la-premiere-edition-du-paris-cyber-show\/"]}]},{"@type":"ImageObject","inLanguage":"fr-FR","@id":"https:\/\/www.thegreenbow.com\/fr\/societe\/actualites\/thegreenbow-participe-a-la-premiere-edition-du-paris-cyber-show\/#primaryimage","url":"https:\/\/www.thegreenbow.com\/wp-content\/uploads\/2024\/05\/CYBER-PARIS-SHOW-VERTICAL-FOND-CLAIR-SEUL.jpg","contentUrl":"https:\/\/www.thegreenbow.com\/wp-content\/uploads\/2024\/05\/CYBER-PARIS-SHOW-VERTICAL-FOND-CLAIR-SEUL.jpg","width":1542,"height":879},{"@type":"BreadcrumbList","@id":"https:\/\/www.thegreenbow.com\/fr\/societe\/actualites\/thegreenbow-participe-a-la-premiere-edition-du-paris-cyber-show\/#breadcrumb","itemListElement":[{"@type":"ListItem","position":1,"name":"Accueil","item":"https:\/\/www.thegreenbow.com\/fr\/"},{"@type":"ListItem","position":2,"name":"TheGreenBow participe \u00e0 la premi\u00e8re \u00e9dition du Cyber Show Paris"}]},{"@type":"WebSite","@id":"https:\/\/www.thegreenbow.com\/fr\/#website","url":"https:\/\/www.thegreenbow.com\/fr\/","name":"TheGreenBow","description":"","publisher":{"@id":"https:\/\/www.thegreenbow.com\/fr\/#organization"},"potentialAction":[{"@type":"SearchAction","target":{"@type":"EntryPoint","urlTemplate":"https:\/\/www.thegreenbow.com\/fr\/?s={search_term_string}"},"query-input":{"@type":"PropertyValueSpecification","valueRequired":true,"valueName":"search_term_string"}}],"inLanguage":"fr-FR"},{"@type":"Organization","@id":"https:\/\/www.thegreenbow.com\/fr\/#organization","name":"TheGreenBow","url":"https:\/\/www.thegreenbow.com\/fr\/","logo":{"@type":"ImageObject","inLanguage":"fr-FR","@id":"https:\/\/www.thegreenbow.com\/fr\/#\/schema\/logo\/image\/","url":"https:\/\/www.thegreenbow.com\/wp-content\/uploads\/2021\/04\/Logotype@2x-min.png","contentUrl":"https:\/\/www.thegreenbow.com\/wp-content\/uploads\/2021\/04\/Logotype@2x-min.png","width":422,"height":84,"caption":"TheGreenBow"},"image":{"@id":"https:\/\/www.thegreenbow.com\/fr\/#\/schema\/logo\/image\/"},"sameAs":["https:\/\/x.com\/thegreenbow","https:\/\/fr.linkedin.com\/company\/thegreenbow","https:\/\/www.youtube.com\/channel\/UCZKtI7_fmgFcmovgGSy8AnQ"]},{"@type":"Person","@id":"https:\/\/www.thegreenbow.com\/fr\/#\/schema\/person\/32a5ca8acb3718276dd3167983d61eba","name":"Arnaud Dufournet"}]}},"_links":{"self":[{"href":"https:\/\/www.thegreenbow.com\/fr\/wp-json\/wp\/v2\/posts\/16669","targetHints":{"allow":["GET"]}}],"collection":[{"href":"https:\/\/www.thegreenbow.com\/fr\/wp-json\/wp\/v2\/posts"}],"about":[{"href":"https:\/\/www.thegreenbow.com\/fr\/wp-json\/wp\/v2\/types\/post"}],"author":[{"embeddable":true,"href":"https:\/\/www.thegreenbow.com\/fr\/wp-json\/wp\/v2\/users\/4"}],"replies":[{"embeddable":true,"href":"https:\/\/www.thegreenbow.com\/fr\/wp-json\/wp\/v2\/comments?post=16669"}],"version-history":[{"count":5,"href":"https:\/\/www.thegreenbow.com\/fr\/wp-json\/wp\/v2\/posts\/16669\/revisions"}],"predecessor-version":[{"id":16686,"href":"https:\/\/www.thegreenbow.com\/fr\/wp-json\/wp\/v2\/posts\/16669\/revisions\/16686"}],"wp:featuredmedia":[{"embeddable":true,"href":"https:\/\/www.thegreenbow.com\/fr\/wp-json\/wp\/v2\/media\/16676"}],"wp:attachment":[{"href":"https:\/\/www.thegreenbow.com\/fr\/wp-json\/wp\/v2\/media?parent=16669"}],"wp:term":[{"taxonomy":"category","embeddable":true,"href":"https:\/\/www.thegreenbow.com\/fr\/wp-json\/wp\/v2\/categories?post=16669"},{"taxonomy":"post_tag","embeddable":true,"href":"https:\/\/www.thegreenbow.com\/fr\/wp-json\/wp\/v2\/tags?post=16669"}],"curies":[{"name":"wp","href":"https:\/\/api.w.org\/{rel}","templated":true}]}}