{"id":9517,"date":"2021-06-21T08:00:00","date_gmt":"2021-06-21T08:00:00","guid":{"rendered":"https:\/\/www.thegreenbow.com\/?p=9517"},"modified":"2021-07-27T15:31:42","modified_gmt":"2021-07-27T15:31:42","slug":"thegreenbow-signe-un-partenariat-reserve-entreprise-defense","status":"publish","type":"post","link":"https:\/\/www.thegreenbow.com\/fr\/societe\/actualites\/thegreenbow-signe-un-partenariat-reserve-entreprise-defense\/","title":{"rendered":"TheGreenBow signe un partenariat R\u00e9serve Entreprise D\u00e9fense"},"content":{"rendered":"\n<section  class=\"wp-block-acf-news-page-banner is-style-variation-single-news-banner post\" >\n  \n    <div class=\"section-content section-banner has-white-color img-align-bottom img-align-center\"  data-interchange=\"[https:\/\/www.thegreenbow.com\/wp-content\/uploads\/2021\/05\/thegreenbow-header-actualite-min-768x400.jpg, small], [https:\/\/www.thegreenbow.com\/wp-content\/uploads\/2021\/05\/thegreenbow-header-actualite-min-1024x1024.jpg, medium], [https:\/\/www.thegreenbow.com\/wp-content\/uploads\/2021\/05\/thegreenbow-header-actualite-min-1366x218.jpg, large], [https:\/\/www.thegreenbow.com\/wp-content\/uploads\/2021\/05\/thegreenbow-header-actualite-min.jpg, xlarge], [https:\/\/www.thegreenbow.com\/wp-content\/uploads\/2021\/05\/thegreenbow-header-actualite-min-1366x712.jpg, retina], [https:\/\/www.thegreenbow.com\/wp-content\/uploads\/2021\/05\/thegreenbow-header-actualite-min-1366x1366.jpg, medium_retina], [https:\/\/www.thegreenbow.com\/wp-content\/uploads\/2021\/05\/thegreenbow-header-actualite-min.jpg, large_retina]\" data-interchange-sizes=\"{&quot;small&quot;:{&quot;w&quot;:768,&quot;h&quot;:400},&quot;medium&quot;:{&quot;w&quot;:1024,&quot;h&quot;:1024},&quot;large&quot;:{&quot;w&quot;:1366,&quot;h&quot;:218},&quot;xlarge&quot;:{&quot;w&quot;:1920,&quot;h&quot;:307},&quot;retina&quot;:{&quot;w&quot;:1366,&quot;h&quot;:712},&quot;medium_retina&quot;:{&quot;w&quot;:1366,&quot;h&quot;:1366},&quot;large_retina&quot;:{&quot;w&quot;:1920,&quot;h&quot;:307},&quot;xlarge_retina&quot;:{&quot;w&quot;:1920,&quot;h&quot;:307}}\" >\n\n              <h1 class=\"page-title\">TheGreenBow signe un partenariat R\u00e9serve Entreprise D\u00e9fense<\/h1>\n      \n    <\/div>\n\n  \n  \n  \n<\/section>\n\n\n<section class=\"block-grid-wrapper block-grid-for-core-media-text\">\n      <div class=\"default-editor-content grid-for-core-media-text grid-container\">\n        <div class=\"grid-x grid-padding-x align-center\">\n          <div class=\"cell\">\n            \n<div class=\"wp-block-media-text alignwide is-stacked-on-mobile\" style=\"grid-template-columns:28% auto\"><figure class=\"wp-block-media-text__media\"><img loading=\"lazy\" decoding=\"async\" width=\"559\" height=\"559\" src=\"https:\/\/www.thegreenbow.com\/wp-content\/uploads\/2021\/06\/Garde-Nationale.png\" alt=\"\" class=\"wp-image-9521 size-full\" srcset=\"https:\/\/www.thegreenbow.com\/wp-content\/uploads\/2021\/06\/Garde-Nationale.png 559w, https:\/\/www.thegreenbow.com\/wp-content\/uploads\/2021\/06\/Garde-Nationale-300x300.png 300w, https:\/\/www.thegreenbow.com\/wp-content\/uploads\/2021\/06\/Garde-Nationale-150x150.png 150w, https:\/\/www.thegreenbow.com\/wp-content\/uploads\/2021\/06\/Garde-Nationale-100x100.png 100w, https:\/\/www.thegreenbow.com\/wp-content\/uploads\/2021\/06\/Garde-Nationale-368x368.png 368w\" sizes=\"auto, (max-width: 559px) 100vw, 559px\" \/><\/figure><div class=\"wp-block-media-text__content\">\n<p class=\"has-medium-font-size\">En 2020, pr\u00e8s de 850 employeurs ont d\u00e9j\u00e0 sign\u00e9 une convention visant \u00e0 faciliter l\u2019emploi des r\u00e9servistes. Les perspectives d\u2019\u00e9volution sont importantes \u00e9tant donn\u00e9e la dynamique impuls\u00e9e par le minist\u00e8re des Arm\u00e9es et la mise en \u0153uvre par le SGGN (secr\u00e9tariat g\u00e9n\u00e9ral de la Garde Nationale). Le jeudi 17 juin, ce fut le tour de TheGreenBow de signer un partenariat avec le minist\u00e8re des Arm\u00e9es&nbsp;: la Convention R\u00e9serve Entreprise D\u00e9fense (CRED).<\/p>\n<\/div><\/div>\n          <\/div>\n        <\/div>\n      <\/div>\n\n      <\/section>\n\n<section class=\"block-grid-wrapper block-grid-for-core-paragraph\">\n      <div class=\"default-editor-content grid-for-core-paragraph grid-container\">\n        <div class=\"grid-x grid-padding-x align-center\">\n          <div class=\"cell\">\n            \n<p>Que ce soit pour l\u2019entreprise ou le r\u00e9serviste, ce partenariat est avant tout une fiert\u00e9. Beaucoup d\u2019entreprises ayant sign\u00e9 cette convention s\u2019en r\u00e9jouissent car elle se concr\u00e9tise par une meilleure implication des collaborateurs et un accroissement des performances.<\/p>\n          <\/div>\n        <\/div>\n      <\/div>\n\n      <\/section>\n\n<section class=\"block-grid-wrapper block-grid-for-core-heading\">\n      <div class=\"default-editor-content grid-for-core-heading grid-container\">\n        <div class=\"grid-x grid-padding-x align-center\">\n          <div class=\"cell\">\n            \n<h3 class=\"wp-block-heading\">Le partenariat R\u00e9serve-Entreprise-D\u00e9fense<\/h3>\n          <\/div>\n        <\/div>\n      <\/div>\n\n      <\/section>\n\n<section class=\"block-grid-wrapper block-grid-for-core-paragraph\">\n      <div class=\"default-editor-content grid-for-core-paragraph grid-container\">\n        <div class=\"grid-x grid-padding-x align-center\">\n          <div class=\"cell\">\n            \n<p>Dans le but de promouvoir l\u2019engagement des r\u00e9servistes, le secr\u00e9tariat g\u00e9n\u00e9ral de la garde nationale (SGGN) a instaur\u00e9 un bureau partenariats et relations avec les employeurs. Il a en charge la conduite d\u2019une politique partenariale active sur l\u2019ensemble du territoire national, aupr\u00e8s des entreprises, \u00e9tablissements d\u2019enseignement sup\u00e9rieur, collectivit\u00e9s territoriales et autres organismes des secteurs priv\u00e9 et public,<\/p>\n          <\/div>\n        <\/div>\n      <\/div>\n\n      <\/section>\n\n<section class=\"block-grid-wrapper block-grid-for-core-paragraph\">\n      <div class=\"default-editor-content grid-for-core-paragraph grid-container\">\n        <div class=\"grid-x grid-padding-x align-center\">\n          <div class=\"cell\">\n            \n<p>En pla\u00e7ant les r\u00e9servistes au c\u0153ur de ses pr\u00e9occupations, le SGGN entend faciliter leur emploi en incitant ces organismes \u00e0 signer des conventions avec la ministre des Arm\u00e9es. Cette convention apporte en effet un dispositif plus favorable que le minimum impos\u00e9 par la l\u00e9gislation.<\/p>\n          <\/div>\n        <\/div>\n      <\/div>\n\n      <\/section>\n\n<section class=\"block-grid-wrapper block-grid-for-core-paragraph\">\n      <div class=\"default-editor-content grid-for-core-paragraph grid-container\">\n        <div class=\"grid-x grid-padding-x align-center\">\n          <div class=\"cell\">\n            \n<p>En signant cette convention, les entreprises mat\u00e9rialisent leur d\u00e9marche citoyenne, leur adh\u00e9sion \u00e0 la politique des r\u00e9serves militaires, \u00e0 l\u2019esprit de d\u00e9fense et contribuent \u00e0 la s\u00e9curit\u00e9 nationale.<\/p>\n          <\/div>\n        <\/div>\n      <\/div>\n\n      <\/section>\n\n<section class=\"block-grid-wrapper block-grid-for-core-heading\">\n      <div class=\"default-editor-content grid-for-core-heading grid-container\">\n        <div class=\"grid-x grid-padding-x align-center\">\n          <div class=\"cell\">\n            \n<h3 class=\"wp-block-heading\">La r\u00e9serve<\/h3>\n          <\/div>\n        <\/div>\n      <\/div>\n\n      <\/section>\n\n<section class=\"block-grid-wrapper block-grid-for-core-paragraph\">\n      <div class=\"default-editor-content grid-for-core-paragraph grid-container\">\n        <div class=\"grid-x grid-padding-x align-center\">\n          <div class=\"cell\">\n            \n<p>L\u2019emploi des r\u00e9servistes au sein des forces arm\u00e9es et formations rattach\u00e9es est subordonn\u00e9 \u00e0 un certain nombre de contraintes qui limitent leur disponibilit\u00e9 aussi bien en termes de r\u00e9activit\u00e9 que de dur\u00e9e d\u2019activit\u00e9. La politique de la r\u00e9serve militaire repose sur l\u2019obligation faite par la loi aux employeurs civils de lib\u00e9rer leurs collaborateurs-r\u00e9servistes 5 jours par ann\u00e9e civile dans le cadre de leur activit\u00e9 de r\u00e9serve. La politique engag\u00e9e par le minist\u00e8re de la D\u00e9fense depuis 2004 a pour objectif d\u2019aller au-del\u00e0 des dispositions l\u00e9gales, tout en prenant en compte les imp\u00e9ratifs \u00e9conomiques et professionnels des employeurs priv\u00e9s et publics.<\/p>\n          <\/div>\n        <\/div>\n      <\/div>\n\n      <\/section>\n\n<section class=\"block-grid-wrapper block-grid-for-core-image\">\n      <div class=\"default-editor-content grid-for-core-image grid-container\">\n        <div class=\"grid-x grid-padding-x align-center\">\n          <div class=\"cell\">\n            \n<div class=\"wp-block-image\"><figure class=\"aligncenter size-large is-resized\"><img loading=\"lazy\" decoding=\"async\" src=\"https:\/\/www.thegreenbow.com\/wp-content\/uploads\/2021\/06\/CRED-01-edited-scaled.jpeg\" alt=\"\" class=\"wp-image-9551\" width=\"516\" height=\"337\"\/><figcaption>Signature de la convention en pr\u00e9sence des generaux Lecointre et batut <\/figcaption><\/figure><\/div>\n          <\/div>\n        <\/div>\n      <\/div>\n\n      <\/section>\n\n<section class=\"block-grid-wrapper block-grid-for-core-heading\">\n      <div class=\"default-editor-content grid-for-core-heading grid-container\">\n        <div class=\"grid-x grid-padding-x align-center\">\n          <div class=\"cell\">\n            \n<h3 class=\"wp-block-heading\">Le partenariat R\u00e9serve-Entreprise-D\u00e9fense sign\u00e9 par TheGreenBow<\/h3>\n          <\/div>\n        <\/div>\n      <\/div>\n\n      <\/section>\n\n<section class=\"block-grid-wrapper block-grid-for-core-paragraph\">\n      <div class=\"default-editor-content grid-for-core-paragraph grid-container\">\n        <div class=\"grid-x grid-padding-x align-center\">\n          <div class=\"cell\">\n            \n<p>Le jeudi 17 juin 2021, TheGreenBow signe la convention R\u00e9serve-Entreprise-D\u00e9fense avec le g\u00e9n\u00e9ral Fran\u00e7ois Lecointre, Chef d\u2019Etat Major des Arm\u00e9es et la g\u00e9n\u00e9rale V\u00e9ronique Batut, Secr\u00e9taire G\u00e9n\u00e9rale de la&nbsp;<a href=\"https:\/\/www.linkedin.com\/company\/gardenatfr\/\" target=\"_blank\" rel=\"noreferrer noopener\">Garde nationale<\/a>. Cette signature a eu lieu \u00e0 l\u2019Ecole militaire.<\/p>\n          <\/div>\n        <\/div>\n      <\/div>\n\n      <\/section>\n\n<section class=\"block-grid-wrapper block-grid-for-core-paragraph\">\n      <div class=\"default-editor-content grid-for-core-paragraph grid-container\">\n        <div class=\"grid-x grid-padding-x align-center\">\n          <div class=\"cell\">\n            \n<p>TheGreenBow est une PME fran\u00e7aise engag\u00e9e depuis sa cr\u00e9ation dans une d\u00e9marche continue de <a href=\"https:\/\/www.thegreenbow.com\/fr\/societe\/engagements-certification-continue\/\" target=\"_blank\" rel=\"noreferrer noopener\">responsabilit\u00e9 sociale<\/a> des entreprises : membre fondateur d\u2019Hexatrust, membre du Conseil d\u2019Administration de France Cybers\u00e9curit\u00e9, de l&rsquo;ACN, de la Cybertaskforce et du Clusif, TheGreenBow a rejoint tr\u00e8s t\u00f4t les organisations qui soutiennent la fili\u00e8re de la cybers\u00e9curit\u00e9 fran\u00e7aise.<\/p>\n          <\/div>\n        <\/div>\n      <\/div>\n\n      <\/section>\n\n<section class=\"block-grid-wrapper block-grid-for-core-media-text\">\n      <div class=\"default-editor-content grid-for-core-media-text grid-container\">\n        <div class=\"grid-x grid-padding-x align-center\">\n          <div class=\"cell\">\n            \n<div class=\"wp-block-media-text alignwide is-stacked-on-mobile\" style=\"grid-template-columns:39% auto\"><figure class=\"wp-block-media-text__media\"><img loading=\"lazy\" decoding=\"async\" width=\"768\" height=\"1024\" src=\"https:\/\/www.thegreenbow.com\/wp-content\/uploads\/2021\/06\/CRED-02-768x1024.jpg\" alt=\"Louise Bautista et le g\u00e9n\u00e9ral Lecointre\" class=\"wp-image-9542 size-full\" srcset=\"https:\/\/www.thegreenbow.com\/wp-content\/uploads\/2021\/06\/CRED-02-768x1024.jpg 768w, https:\/\/www.thegreenbow.com\/wp-content\/uploads\/2021\/06\/CRED-02-225x300.jpg 225w, https:\/\/www.thegreenbow.com\/wp-content\/uploads\/2021\/06\/CRED-02-1152x1536.jpg 1152w, https:\/\/www.thegreenbow.com\/wp-content\/uploads\/2021\/06\/CRED-02-100x133.jpg 100w, https:\/\/www.thegreenbow.com\/wp-content\/uploads\/2021\/06\/CRED-02.jpg 1536w\" sizes=\"auto, (max-width: 768px) 100vw, 768px\" \/><\/figure><div class=\"wp-block-media-text__content\">\n<div class=\"wp-block-columns is-layout-flex wp-container-core-columns-is-layout-9d6595d7 wp-block-columns-is-layout-flex\">\n<div class=\"wp-block-column is-layout-flow wp-block-column-is-layout-flow\"><\/div>\n<\/div>\n\n\n\n<p>La responsabilit\u00e9 sociale de l\u2019entreprise se fait aussi via ses engagements tourn\u00e9s vers la D\u00e9fense. Labellis\u00e9 \u00ab Utilis\u00e9 par les Arm\u00e9es Fran\u00e7aises \u00bb, membre du Cercle de l\u2019Arbal\u00e8te, organisation qui \u0153uvre pour l\u2019innovation au sein des Forces Sp\u00e9ciales, TheGreenBow a sign\u00e9 un partenariat r\u00e9serve-entreprise-D\u00e9fense pour soutenir la r\u00e9serve militaire et pour formaliser l\u2019engagement de ses salari\u00e9s r\u00e9servistes.<\/p>\n\n\n\n<p>Cette convention soutient actuellement Louise Bautista, salari\u00e9e de TheGreenBow, qui a fait le choix il y a quelques ann\u00e9es, d&rsquo;entrer dans la r\u00e9serve op\u00e9rationnelle au sein de l&rsquo;arm\u00e9e de l&rsquo;air et de l&rsquo;espace. La lieutenant <a href=\"https:\/\/www.linkedin.com\/in\/louise-bautista\" target=\"_blank\" rel=\"noreferrer noopener\">Louise Bautista<\/a> est r\u00e9serviste au sein du CORE FRA JFAC \u00e0 la base a\u00e9rienne 942 Lyon Mont Verdun. TheGreenBow la soutient dans son engagement \u00e0 servir la France, en lui facilitant ses p\u00e9riodes de r\u00e9serve et en esp\u00e9rant que son exemple puisse encourager d&rsquo;autres vocations au sein des salari\u00e9s de TheGreenBow, mais aussi de l&rsquo;\u00e9cosyst\u00e8me cyber.<\/p>\n<\/div><\/div>\n          <\/div>\n        <\/div>\n      <\/div>\n\n      <\/section>\n\n<section class=\"block-grid-wrapper block-grid-for-core-columns\">\n      <div class=\"default-editor-content grid-for-core-columns grid-container-wide\">\n        <div class=\"grid-x grid-padding-x align-center\">\n          <div class=\"cell\">\n            \n<div class=\"wp-block-columns alignwide is-layout-flex wp-container-core-columns-is-layout-9d6595d7 wp-block-columns-is-layout-flex\">\n<div class=\"wp-block-column is-layout-flow wp-block-column-is-layout-flow\" style=\"flex-basis:100%\">\n<div class=\"wp-block-columns is-layout-flex wp-container-core-columns-is-layout-9d6595d7 wp-block-columns-is-layout-flex\">\n<div class=\"wp-block-column is-layout-flow wp-block-column-is-layout-flow\">\n<div class=\"wp-block-columns is-layout-flex wp-container-core-columns-is-layout-9d6595d7 wp-block-columns-is-layout-flex\">\n<div class=\"wp-block-column is-layout-flow wp-block-column-is-layout-flow\"><\/div>\n\n\n\n<div class=\"wp-block-column is-layout-flow wp-block-column-is-layout-flow\"><\/div>\n<\/div>\n<\/div>\n<\/div>\n<\/div>\n<\/div>\n          <\/div>\n        <\/div>\n      <\/div>\n\n      <\/section>\n\n<section class=\"block-grid-wrapper block-grid-for-core-heading\">\n      <div class=\"default-editor-content grid-for-core-heading grid-container\">\n        <div class=\"grid-x grid-padding-x align-center\">\n          <div class=\"cell\">\n            \n<h3 class=\"wp-block-heading\">Comment soutenir la r\u00e9serve militaire&nbsp;? <\/h3>\n          <\/div>\n        <\/div>\n      <\/div>\n\n      <\/section>\n\n<section class=\"block-grid-wrapper block-grid-for-core-paragraph\">\n      <div class=\"default-editor-content grid-for-core-paragraph grid-container\">\n        <div class=\"grid-x grid-padding-x align-center\">\n          <div class=\"cell\">\n            \n<p>Le secr\u00e9tariat g\u00e9n\u00e9ral du Conseil sup\u00e9rieur de la r\u00e9serve militaire, charg\u00e9 de la mise en place et du suivi des conventions de soutien \u00e0 la politique de la r\u00e9serve militaire, est l\u00e0 pour accompagner les entreprises dans cette d\u00e9marche. Vous pouvez prendre contact avec lui par mail : <a href=\"mailto:contact@garde-nationale.gouv.fr\" target=\"_blank\" rel=\"noreferrer noopener\">contact@garde-nationale.gouv.fr<\/a><\/p>\n          <\/div>\n        <\/div>\n      <\/div>\n\n      <\/section>\n\n<section class=\"block-grid-wrapper block-grid-for-core-paragraph\">\n      <div class=\"default-editor-content grid-for-core-paragraph grid-container\">\n        <div class=\"grid-x grid-padding-x align-center\">\n          <div class=\"cell\">\n            \n<p><\/p>\n          <\/div>\n        <\/div>\n      <\/div>\n\n      <\/section>","protected":false},"excerpt":{"rendered":"<p>En 2020, pr\u00e8s de 850 employeurs ont d\u00e9j\u00e0 sign\u00e9 une convention visant \u00e0 faciliter l\u2019emploi des r\u00e9servistes. Les perspectives d\u2019\u00e9volution sont importantes \u00e9tant donn\u00e9e la dynamique impuls\u00e9e par le minist\u00e8re des Arm\u00e9es et la mise en \u0153uvre par le SGGN (secr\u00e9tariat g\u00e9n\u00e9ral de la Garde Nationale). Le jeudi 17 juin, ce fut le tour de [&hellip;]<\/p>\n","protected":false},"author":4,"featured_media":9521,"comment_status":"closed","ping_status":"0","sticky":false,"template":"","format":"standard","meta":{"_acf_changed":false,"resource_type":"internal","footnotes":""},"categories":[36],"tags":[],"class_list":["post-9517","post","type-post","status-publish","format-standard","has-post-thumbnail","hentry","category-evenement"],"acf":[],"yoast_head":"<!-- This site is optimized with the Yoast SEO plugin v27.5 - https:\/\/yoast.com\/product\/yoast-seo-wordpress\/ -->\n<title>TheGreenBow signe un partenariat R\u00e9serve Entreprise D\u00e9fense - TheGreenBow<\/title>\n<meta name=\"description\" content=\"Partenariat TheGreenBow \/ R\u00e9serve Entreprise D\u00e9fense pour soutenir la r\u00e9serve militaire et formaliser l\u2019engagement des salari\u00e9s r\u00e9servistes.\" \/>\n<meta name=\"robots\" content=\"index, follow, max-snippet:-1, max-image-preview:large, max-video-preview:-1\" \/>\n<link rel=\"canonical\" href=\"https:\/\/www.thegreenbow.com\/fr\/societe\/actualites\/thegreenbow-signe-un-partenariat-reserve-entreprise-defense\/\" \/>\n<meta property=\"og:locale\" content=\"fr_FR\" \/>\n<meta property=\"og:type\" content=\"article\" \/>\n<meta property=\"og:title\" content=\"TheGreenBow signe un partenariat R\u00e9serve Entreprise D\u00e9fense - TheGreenBow\" \/>\n<meta property=\"og:description\" content=\"Partenariat TheGreenBow \/ R\u00e9serve Entreprise D\u00e9fense pour soutenir la r\u00e9serve militaire et formaliser l\u2019engagement des salari\u00e9s r\u00e9servistes.\" \/>\n<meta property=\"og:url\" content=\"https:\/\/www.thegreenbow.com\/fr\/societe\/actualites\/thegreenbow-signe-un-partenariat-reserve-entreprise-defense\/\" \/>\n<meta property=\"og:site_name\" content=\"TheGreenBow\" \/>\n<meta property=\"article:published_time\" content=\"2021-06-21T08:00:00+00:00\" \/>\n<meta property=\"article:modified_time\" content=\"2021-07-27T15:31:42+00:00\" \/>\n<meta property=\"og:image\" content=\"https:\/\/www.thegreenbow.com\/wp-content\/uploads\/2021\/06\/Garde-Nationale.png\" \/>\n\t<meta property=\"og:image:width\" content=\"559\" \/>\n\t<meta property=\"og:image:height\" content=\"559\" \/>\n\t<meta property=\"og:image:type\" content=\"image\/png\" \/>\n<meta name=\"author\" content=\"Arnaud Dufournet\" \/>\n<meta name=\"twitter:card\" content=\"summary_large_image\" \/>\n<meta name=\"twitter:creator\" content=\"@thegreenbow\" \/>\n<meta name=\"twitter:site\" content=\"@thegreenbow\" \/>\n<meta name=\"twitter:label1\" content=\"\u00c9crit par\" \/>\n\t<meta name=\"twitter:data1\" content=\"Arnaud Dufournet\" \/>\n\t<meta name=\"twitter:label2\" content=\"Dur\u00e9e de lecture estim\u00e9e\" \/>\n\t<meta name=\"twitter:data2\" content=\"4 minutes\" \/>\n<script type=\"application\/ld+json\" class=\"yoast-schema-graph\">{\"@context\":\"https:\\\/\\\/schema.org\",\"@graph\":[{\"@type\":\"Article\",\"@id\":\"https:\\\/\\\/www.thegreenbow.com\\\/fr\\\/societe\\\/actualites\\\/thegreenbow-signe-un-partenariat-reserve-entreprise-defense\\\/#article\",\"isPartOf\":{\"@id\":\"https:\\\/\\\/www.thegreenbow.com\\\/fr\\\/societe\\\/actualites\\\/thegreenbow-signe-un-partenariat-reserve-entreprise-defense\\\/\"},\"author\":{\"name\":\"Arnaud Dufournet\",\"@id\":\"https:\\\/\\\/www.thegreenbow.com\\\/fr\\\/#\\\/schema\\\/person\\\/32a5ca8acb3718276dd3167983d61eba\"},\"headline\":\"TheGreenBow signe un partenariat R\u00e9serve Entreprise D\u00e9fense\",\"datePublished\":\"2021-06-21T08:00:00+00:00\",\"dateModified\":\"2021-07-27T15:31:42+00:00\",\"mainEntityOfPage\":{\"@id\":\"https:\\\/\\\/www.thegreenbow.com\\\/fr\\\/societe\\\/actualites\\\/thegreenbow-signe-un-partenariat-reserve-entreprise-defense\\\/\"},\"wordCount\":786,\"publisher\":{\"@id\":\"https:\\\/\\\/www.thegreenbow.com\\\/fr\\\/#organization\"},\"image\":{\"@id\":\"https:\\\/\\\/www.thegreenbow.com\\\/fr\\\/societe\\\/actualites\\\/thegreenbow-signe-un-partenariat-reserve-entreprise-defense\\\/#primaryimage\"},\"thumbnailUrl\":\"https:\\\/\\\/www.thegreenbow.com\\\/wp-content\\\/uploads\\\/2021\\\/06\\\/Garde-Nationale.png\",\"articleSection\":[\"Ev\u00e9nement\"],\"inLanguage\":\"fr-FR\"},{\"@type\":\"WebPage\",\"@id\":\"https:\\\/\\\/www.thegreenbow.com\\\/fr\\\/societe\\\/actualites\\\/thegreenbow-signe-un-partenariat-reserve-entreprise-defense\\\/\",\"url\":\"https:\\\/\\\/www.thegreenbow.com\\\/fr\\\/societe\\\/actualites\\\/thegreenbow-signe-un-partenariat-reserve-entreprise-defense\\\/\",\"name\":\"TheGreenBow signe un partenariat R\u00e9serve Entreprise D\u00e9fense - TheGreenBow\",\"isPartOf\":{\"@id\":\"https:\\\/\\\/www.thegreenbow.com\\\/fr\\\/#website\"},\"primaryImageOfPage\":{\"@id\":\"https:\\\/\\\/www.thegreenbow.com\\\/fr\\\/societe\\\/actualites\\\/thegreenbow-signe-un-partenariat-reserve-entreprise-defense\\\/#primaryimage\"},\"image\":{\"@id\":\"https:\\\/\\\/www.thegreenbow.com\\\/fr\\\/societe\\\/actualites\\\/thegreenbow-signe-un-partenariat-reserve-entreprise-defense\\\/#primaryimage\"},\"thumbnailUrl\":\"https:\\\/\\\/www.thegreenbow.com\\\/wp-content\\\/uploads\\\/2021\\\/06\\\/Garde-Nationale.png\",\"datePublished\":\"2021-06-21T08:00:00+00:00\",\"dateModified\":\"2021-07-27T15:31:42+00:00\",\"description\":\"Partenariat TheGreenBow \\\/ R\u00e9serve Entreprise D\u00e9fense pour soutenir la r\u00e9serve militaire et formaliser l\u2019engagement des salari\u00e9s r\u00e9servistes.\",\"breadcrumb\":{\"@id\":\"https:\\\/\\\/www.thegreenbow.com\\\/fr\\\/societe\\\/actualites\\\/thegreenbow-signe-un-partenariat-reserve-entreprise-defense\\\/#breadcrumb\"},\"inLanguage\":\"fr-FR\",\"potentialAction\":[{\"@type\":\"ReadAction\",\"target\":[\"https:\\\/\\\/www.thegreenbow.com\\\/fr\\\/societe\\\/actualites\\\/thegreenbow-signe-un-partenariat-reserve-entreprise-defense\\\/\"]}]},{\"@type\":\"ImageObject\",\"inLanguage\":\"fr-FR\",\"@id\":\"https:\\\/\\\/www.thegreenbow.com\\\/fr\\\/societe\\\/actualites\\\/thegreenbow-signe-un-partenariat-reserve-entreprise-defense\\\/#primaryimage\",\"url\":\"https:\\\/\\\/www.thegreenbow.com\\\/wp-content\\\/uploads\\\/2021\\\/06\\\/Garde-Nationale.png\",\"contentUrl\":\"https:\\\/\\\/www.thegreenbow.com\\\/wp-content\\\/uploads\\\/2021\\\/06\\\/Garde-Nationale.png\",\"width\":559,\"height\":559},{\"@type\":\"BreadcrumbList\",\"@id\":\"https:\\\/\\\/www.thegreenbow.com\\\/fr\\\/societe\\\/actualites\\\/thegreenbow-signe-un-partenariat-reserve-entreprise-defense\\\/#breadcrumb\",\"itemListElement\":[{\"@type\":\"ListItem\",\"position\":1,\"name\":\"Accueil\",\"item\":\"https:\\\/\\\/www.thegreenbow.com\\\/fr\\\/\"},{\"@type\":\"ListItem\",\"position\":2,\"name\":\"TheGreenBow signe un partenariat R\u00e9serve Entreprise D\u00e9fense\"}]},{\"@type\":\"WebSite\",\"@id\":\"https:\\\/\\\/www.thegreenbow.com\\\/fr\\\/#website\",\"url\":\"https:\\\/\\\/www.thegreenbow.com\\\/fr\\\/\",\"name\":\"TheGreenBow\",\"description\":\"\",\"publisher\":{\"@id\":\"https:\\\/\\\/www.thegreenbow.com\\\/fr\\\/#organization\"},\"potentialAction\":[{\"@type\":\"SearchAction\",\"target\":{\"@type\":\"EntryPoint\",\"urlTemplate\":\"https:\\\/\\\/www.thegreenbow.com\\\/fr\\\/?s={search_term_string}\"},\"query-input\":{\"@type\":\"PropertyValueSpecification\",\"valueRequired\":true,\"valueName\":\"search_term_string\"}}],\"inLanguage\":\"fr-FR\"},{\"@type\":\"Organization\",\"@id\":\"https:\\\/\\\/www.thegreenbow.com\\\/fr\\\/#organization\",\"name\":\"TheGreenBow\",\"url\":\"https:\\\/\\\/www.thegreenbow.com\\\/fr\\\/\",\"logo\":{\"@type\":\"ImageObject\",\"inLanguage\":\"fr-FR\",\"@id\":\"https:\\\/\\\/www.thegreenbow.com\\\/fr\\\/#\\\/schema\\\/logo\\\/image\\\/\",\"url\":\"https:\\\/\\\/www.thegreenbow.com\\\/wp-content\\\/uploads\\\/2021\\\/04\\\/Logotype@2x-min.png\",\"contentUrl\":\"https:\\\/\\\/www.thegreenbow.com\\\/wp-content\\\/uploads\\\/2021\\\/04\\\/Logotype@2x-min.png\",\"width\":422,\"height\":84,\"caption\":\"TheGreenBow\"},\"image\":{\"@id\":\"https:\\\/\\\/www.thegreenbow.com\\\/fr\\\/#\\\/schema\\\/logo\\\/image\\\/\"},\"sameAs\":[\"https:\\\/\\\/x.com\\\/thegreenbow\",\"https:\\\/\\\/fr.linkedin.com\\\/company\\\/thegreenbow\",\"https:\\\/\\\/www.youtube.com\\\/channel\\\/UCZKtI7_fmgFcmovgGSy8AnQ\"]},{\"@type\":\"Person\",\"@id\":\"https:\\\/\\\/www.thegreenbow.com\\\/fr\\\/#\\\/schema\\\/person\\\/32a5ca8acb3718276dd3167983d61eba\",\"name\":\"Arnaud Dufournet\"}]}<\/script>\n<!-- \/ Yoast SEO plugin. -->","yoast_head_json":{"title":"TheGreenBow signe un partenariat R\u00e9serve Entreprise D\u00e9fense - TheGreenBow","description":"Partenariat TheGreenBow \/ R\u00e9serve Entreprise D\u00e9fense pour soutenir la r\u00e9serve militaire et formaliser l\u2019engagement des salari\u00e9s r\u00e9servistes.","robots":{"index":"index","follow":"follow","max-snippet":"max-snippet:-1","max-image-preview":"max-image-preview:large","max-video-preview":"max-video-preview:-1"},"canonical":"https:\/\/www.thegreenbow.com\/fr\/societe\/actualites\/thegreenbow-signe-un-partenariat-reserve-entreprise-defense\/","og_locale":"fr_FR","og_type":"article","og_title":"TheGreenBow signe un partenariat R\u00e9serve Entreprise D\u00e9fense - TheGreenBow","og_description":"Partenariat TheGreenBow \/ R\u00e9serve Entreprise D\u00e9fense pour soutenir la r\u00e9serve militaire et formaliser l\u2019engagement des salari\u00e9s r\u00e9servistes.","og_url":"https:\/\/www.thegreenbow.com\/fr\/societe\/actualites\/thegreenbow-signe-un-partenariat-reserve-entreprise-defense\/","og_site_name":"TheGreenBow","article_published_time":"2021-06-21T08:00:00+00:00","article_modified_time":"2021-07-27T15:31:42+00:00","og_image":[{"width":559,"height":559,"url":"https:\/\/www.thegreenbow.com\/wp-content\/uploads\/2021\/06\/Garde-Nationale.png","type":"image\/png"}],"author":"Arnaud Dufournet","twitter_card":"summary_large_image","twitter_creator":"@thegreenbow","twitter_site":"@thegreenbow","twitter_misc":{"\u00c9crit par":"Arnaud Dufournet","Dur\u00e9e de lecture estim\u00e9e":"4 minutes"},"schema":{"@context":"https:\/\/schema.org","@graph":[{"@type":"Article","@id":"https:\/\/www.thegreenbow.com\/fr\/societe\/actualites\/thegreenbow-signe-un-partenariat-reserve-entreprise-defense\/#article","isPartOf":{"@id":"https:\/\/www.thegreenbow.com\/fr\/societe\/actualites\/thegreenbow-signe-un-partenariat-reserve-entreprise-defense\/"},"author":{"name":"Arnaud Dufournet","@id":"https:\/\/www.thegreenbow.com\/fr\/#\/schema\/person\/32a5ca8acb3718276dd3167983d61eba"},"headline":"TheGreenBow signe un partenariat R\u00e9serve Entreprise D\u00e9fense","datePublished":"2021-06-21T08:00:00+00:00","dateModified":"2021-07-27T15:31:42+00:00","mainEntityOfPage":{"@id":"https:\/\/www.thegreenbow.com\/fr\/societe\/actualites\/thegreenbow-signe-un-partenariat-reserve-entreprise-defense\/"},"wordCount":786,"publisher":{"@id":"https:\/\/www.thegreenbow.com\/fr\/#organization"},"image":{"@id":"https:\/\/www.thegreenbow.com\/fr\/societe\/actualites\/thegreenbow-signe-un-partenariat-reserve-entreprise-defense\/#primaryimage"},"thumbnailUrl":"https:\/\/www.thegreenbow.com\/wp-content\/uploads\/2021\/06\/Garde-Nationale.png","articleSection":["Ev\u00e9nement"],"inLanguage":"fr-FR"},{"@type":"WebPage","@id":"https:\/\/www.thegreenbow.com\/fr\/societe\/actualites\/thegreenbow-signe-un-partenariat-reserve-entreprise-defense\/","url":"https:\/\/www.thegreenbow.com\/fr\/societe\/actualites\/thegreenbow-signe-un-partenariat-reserve-entreprise-defense\/","name":"TheGreenBow signe un partenariat R\u00e9serve Entreprise D\u00e9fense - TheGreenBow","isPartOf":{"@id":"https:\/\/www.thegreenbow.com\/fr\/#website"},"primaryImageOfPage":{"@id":"https:\/\/www.thegreenbow.com\/fr\/societe\/actualites\/thegreenbow-signe-un-partenariat-reserve-entreprise-defense\/#primaryimage"},"image":{"@id":"https:\/\/www.thegreenbow.com\/fr\/societe\/actualites\/thegreenbow-signe-un-partenariat-reserve-entreprise-defense\/#primaryimage"},"thumbnailUrl":"https:\/\/www.thegreenbow.com\/wp-content\/uploads\/2021\/06\/Garde-Nationale.png","datePublished":"2021-06-21T08:00:00+00:00","dateModified":"2021-07-27T15:31:42+00:00","description":"Partenariat TheGreenBow \/ R\u00e9serve Entreprise D\u00e9fense pour soutenir la r\u00e9serve militaire et formaliser l\u2019engagement des salari\u00e9s r\u00e9servistes.","breadcrumb":{"@id":"https:\/\/www.thegreenbow.com\/fr\/societe\/actualites\/thegreenbow-signe-un-partenariat-reserve-entreprise-defense\/#breadcrumb"},"inLanguage":"fr-FR","potentialAction":[{"@type":"ReadAction","target":["https:\/\/www.thegreenbow.com\/fr\/societe\/actualites\/thegreenbow-signe-un-partenariat-reserve-entreprise-defense\/"]}]},{"@type":"ImageObject","inLanguage":"fr-FR","@id":"https:\/\/www.thegreenbow.com\/fr\/societe\/actualites\/thegreenbow-signe-un-partenariat-reserve-entreprise-defense\/#primaryimage","url":"https:\/\/www.thegreenbow.com\/wp-content\/uploads\/2021\/06\/Garde-Nationale.png","contentUrl":"https:\/\/www.thegreenbow.com\/wp-content\/uploads\/2021\/06\/Garde-Nationale.png","width":559,"height":559},{"@type":"BreadcrumbList","@id":"https:\/\/www.thegreenbow.com\/fr\/societe\/actualites\/thegreenbow-signe-un-partenariat-reserve-entreprise-defense\/#breadcrumb","itemListElement":[{"@type":"ListItem","position":1,"name":"Accueil","item":"https:\/\/www.thegreenbow.com\/fr\/"},{"@type":"ListItem","position":2,"name":"TheGreenBow signe un partenariat R\u00e9serve Entreprise D\u00e9fense"}]},{"@type":"WebSite","@id":"https:\/\/www.thegreenbow.com\/fr\/#website","url":"https:\/\/www.thegreenbow.com\/fr\/","name":"TheGreenBow","description":"","publisher":{"@id":"https:\/\/www.thegreenbow.com\/fr\/#organization"},"potentialAction":[{"@type":"SearchAction","target":{"@type":"EntryPoint","urlTemplate":"https:\/\/www.thegreenbow.com\/fr\/?s={search_term_string}"},"query-input":{"@type":"PropertyValueSpecification","valueRequired":true,"valueName":"search_term_string"}}],"inLanguage":"fr-FR"},{"@type":"Organization","@id":"https:\/\/www.thegreenbow.com\/fr\/#organization","name":"TheGreenBow","url":"https:\/\/www.thegreenbow.com\/fr\/","logo":{"@type":"ImageObject","inLanguage":"fr-FR","@id":"https:\/\/www.thegreenbow.com\/fr\/#\/schema\/logo\/image\/","url":"https:\/\/www.thegreenbow.com\/wp-content\/uploads\/2021\/04\/Logotype@2x-min.png","contentUrl":"https:\/\/www.thegreenbow.com\/wp-content\/uploads\/2021\/04\/Logotype@2x-min.png","width":422,"height":84,"caption":"TheGreenBow"},"image":{"@id":"https:\/\/www.thegreenbow.com\/fr\/#\/schema\/logo\/image\/"},"sameAs":["https:\/\/x.com\/thegreenbow","https:\/\/fr.linkedin.com\/company\/thegreenbow","https:\/\/www.youtube.com\/channel\/UCZKtI7_fmgFcmovgGSy8AnQ"]},{"@type":"Person","@id":"https:\/\/www.thegreenbow.com\/fr\/#\/schema\/person\/32a5ca8acb3718276dd3167983d61eba","name":"Arnaud Dufournet"}]}},"_links":{"self":[{"href":"https:\/\/www.thegreenbow.com\/fr\/wp-json\/wp\/v2\/posts\/9517","targetHints":{"allow":["GET"]}}],"collection":[{"href":"https:\/\/www.thegreenbow.com\/fr\/wp-json\/wp\/v2\/posts"}],"about":[{"href":"https:\/\/www.thegreenbow.com\/fr\/wp-json\/wp\/v2\/types\/post"}],"author":[{"embeddable":true,"href":"https:\/\/www.thegreenbow.com\/fr\/wp-json\/wp\/v2\/users\/4"}],"replies":[{"embeddable":true,"href":"https:\/\/www.thegreenbow.com\/fr\/wp-json\/wp\/v2\/comments?post=9517"}],"version-history":[{"count":36,"href":"https:\/\/www.thegreenbow.com\/fr\/wp-json\/wp\/v2\/posts\/9517\/revisions"}],"predecessor-version":[{"id":10280,"href":"https:\/\/www.thegreenbow.com\/fr\/wp-json\/wp\/v2\/posts\/9517\/revisions\/10280"}],"wp:featuredmedia":[{"embeddable":true,"href":"https:\/\/www.thegreenbow.com\/fr\/wp-json\/wp\/v2\/media\/9521"}],"wp:attachment":[{"href":"https:\/\/www.thegreenbow.com\/fr\/wp-json\/wp\/v2\/media?parent=9517"}],"wp:term":[{"taxonomy":"category","embeddable":true,"href":"https:\/\/www.thegreenbow.com\/fr\/wp-json\/wp\/v2\/categories?post=9517"},{"taxonomy":"post_tag","embeddable":true,"href":"https:\/\/www.thegreenbow.com\/fr\/wp-json\/wp\/v2\/tags?post=9517"}],"curies":[{"name":"wp","href":"https:\/\/api.w.org\/{rel}","templated":true}]}}